{"id":1339,"date":"2016-12-29T14:04:49","date_gmt":"2016-12-29T14:04:49","guid":{"rendered":"https:\/\/www.nargourmet.hu\/?p=1339"},"modified":"2020-03-19T14:10:17","modified_gmt":"2020-03-19T14:10:17","slug":"mi-koze-a-hunoknak-es-a-torokoknek-a-karacsonyfahoz-es-jezushoz","status":"publish","type":"post","link":"https:\/\/www.nargourmet.hu\/en\/mi-koze-a-hunoknak-es-a-torokoknek-a-karacsonyfahoz-es-jezushoz\/","title":{"rendered":"Mi k\u00f6ze a hunoknak \u00e9s a t\u00f6r\u00f6k\u00f6knek a kar\u00e1csonyf\u00e1hoz \u00e9s J\u00e9zushoz?"},"content":{"rendered":"\t\t<div data-elementor-type=\"wp-post\" data-elementor-id=\"1339\" class=\"elementor elementor-1339\" data-elementor-post-type=\"post\">\n\t\t\t\t\t\t<section class=\"elementor-section elementor-top-section elementor-element elementor-element-1662b18 elementor-section-boxed elementor-section-height-default elementor-section-height-default\" data-id=\"1662b18\" data-element_type=\"section\" data-e-type=\"section\" data-settings=\"{&quot;jet_parallax_layout_list&quot;:[{&quot;jet_parallax_layout_image&quot;:{&quot;url&quot;:&quot;&quot;,&quot;id&quot;:&quot;&quot;,&quot;size&quot;:&quot;&quot;},&quot;_id&quot;:&quot;4e324be&quot;,&quot;jet_parallax_layout_speed&quot;:{&quot;unit&quot;:&quot;%&quot;,&quot;size&quot;:50,&quot;sizes&quot;:[]},&quot;jet_parallax_layout_type&quot;:&quot;scroll&quot;,&quot;jet_parallax_layout_z_index&quot;:&quot;&quot;,&quot;jet_parallax_layout_bg_x&quot;:50,&quot;jet_parallax_layout_bg_y&quot;:50,&quot;jet_parallax_layout_bg_size&quot;:&quot;auto&quot;,&quot;jet_parallax_layout_animation_prop&quot;:&quot;transform&quot;,&quot;jet_parallax_layout_on&quot;:[&quot;desktop&quot;,&quot;tablet&quot;],&quot;jet_parallax_layout_image_tablet&quot;:{&quot;url&quot;:&quot;&quot;,&quot;id&quot;:&quot;&quot;,&quot;size&quot;:&quot;&quot;},&quot;jet_parallax_layout_image_mobile&quot;:{&quot;url&quot;:&quot;&quot;,&quot;id&quot;:&quot;&quot;,&quot;size&quot;:&quot;&quot;},&quot;jet_parallax_layout_direction&quot;:&quot;1&quot;,&quot;jet_parallax_layout_fx_direction&quot;:null,&quot;jet_parallax_layout_bg_x_tablet&quot;:&quot;&quot;,&quot;jet_parallax_layout_bg_x_mobile&quot;:&quot;&quot;,&quot;jet_parallax_layout_bg_y_tablet&quot;:&quot;&quot;,&quot;jet_parallax_layout_bg_y_mobile&quot;:&quot;&quot;,&quot;jet_parallax_layout_bg_size_tablet&quot;:&quot;&quot;,&quot;jet_parallax_layout_bg_size_mobile&quot;:&quot;&quot;}]}\">\n\t\t\t\t\t\t<div class=\"elementor-container elementor-column-gap-default\">\n\t\t\t\t\t<div class=\"elementor-column elementor-col-100 elementor-top-column elementor-element elementor-element-e0f91d4\" data-id=\"e0f91d4\" data-element_type=\"column\" data-e-type=\"column\">\n\t\t\t<div class=\"elementor-widget-wrap elementor-element-populated\">\n\t\t\t\t\t\t<div data-dce-text-color=\"#111111\" class=\"elementor-element elementor-element-10f122d elementor-widget elementor-widget-text-editor\" data-id=\"10f122d\" data-element_type=\"widget\" data-e-type=\"widget\" data-widget_type=\"text-editor.default\">\n\t\t\t\t<div class=\"elementor-widget-container\">\n\t\t\t\t\t\t\t\t\t<p>Kar\u00e1csonyfa, csillog\u00f3-villog\u00f3 d\u00edszek a nagyv\u00e1rosok utc\u00e1in, T\u00e9lap\u00f3 \u00e9s \u00faj \u00e9v. A t\u00f6r\u00f6k\u00f6k t\u00f6bbs\u00e9ge sz\u00e1m\u00e1ra nem igaz\u00e1n tiszta, hogy mi a k\u00fcl\u00f6nbs\u00e9g a kar\u00e1csony \u00e9s az \u00faj \u00e9vi \u00fcnnep k\u00f6z\u00f6tt, sz\u00e1mos csal\u00e1d muszlim l\u00e9t\u00e9re f\u00e1t \u00e1ll\u00edt, s\u0151t az elvetem\u00fcltebbek m\u00e9g kar\u00e1csonyi dalokat is hallgatnak. \ud83d\ude42<\/p>\t\t\t\t\t\t\t\t<\/div>\n\t\t\t\t<\/div>\n\t\t\t\t<section class=\"elementor-section elementor-inner-section elementor-element elementor-element-85899ae elementor-section-boxed elementor-section-height-default elementor-section-height-default\" data-id=\"85899ae\" data-element_type=\"section\" data-e-type=\"section\" data-settings=\"{&quot;jet_parallax_layout_list&quot;:[{&quot;jet_parallax_layout_image&quot;:{&quot;url&quot;:&quot;&quot;,&quot;id&quot;:&quot;&quot;,&quot;size&quot;:&quot;&quot;},&quot;_id&quot;:&quot;cbff1cc&quot;,&quot;jet_parallax_layout_speed&quot;:{&quot;unit&quot;:&quot;%&quot;,&quot;size&quot;:50,&quot;sizes&quot;:[]},&quot;jet_parallax_layout_type&quot;:&quot;scroll&quot;,&quot;jet_parallax_layout_z_index&quot;:&quot;&quot;,&quot;jet_parallax_layout_bg_x&quot;:50,&quot;jet_parallax_layout_bg_y&quot;:50,&quot;jet_parallax_layout_bg_size&quot;:&quot;auto&quot;,&quot;jet_parallax_layout_animation_prop&quot;:&quot;transform&quot;,&quot;jet_parallax_layout_on&quot;:[&quot;desktop&quot;,&quot;tablet&quot;],&quot;jet_parallax_layout_image_tablet&quot;:{&quot;url&quot;:&quot;&quot;,&quot;id&quot;:&quot;&quot;,&quot;size&quot;:&quot;&quot;},&quot;jet_parallax_layout_image_mobile&quot;:{&quot;url&quot;:&quot;&quot;,&quot;id&quot;:&quot;&quot;,&quot;size&quot;:&quot;&quot;},&quot;jet_parallax_layout_direction&quot;:&quot;1&quot;,&quot;jet_parallax_layout_fx_direction&quot;:null,&quot;jet_parallax_layout_bg_x_tablet&quot;:&quot;&quot;,&quot;jet_parallax_layout_bg_x_mobile&quot;:&quot;&quot;,&quot;jet_parallax_layout_bg_y_tablet&quot;:&quot;&quot;,&quot;jet_parallax_layout_bg_y_mobile&quot;:&quot;&quot;,&quot;jet_parallax_layout_bg_size_tablet&quot;:&quot;&quot;,&quot;jet_parallax_layout_bg_size_mobile&quot;:&quot;&quot;}]}\">\n\t\t\t\t\t\t<div class=\"elementor-container elementor-column-gap-wider\">\n\t\t\t\t\t<div class=\"elementor-column elementor-col-100 elementor-inner-column elementor-element elementor-element-7dc868a\" data-id=\"7dc868a\" data-element_type=\"column\" data-e-type=\"column\">\n\t\t\t<div class=\"elementor-widget-wrap\">\n\t\t\t\t\t\t\t<\/div>\n\t\t<\/div>\n\t\t\t\t\t<\/div>\n\t\t<\/section>\n\t\t\t\t<div data-dce-text-color=\"#111111\" class=\"elementor-element elementor-element-02e16db elementor-widget elementor-widget-text-editor\" data-id=\"02e16db\" data-element_type=\"widget\" data-e-type=\"widget\" data-widget_type=\"text-editor.default\">\n\t\t\t\t<div class=\"elementor-widget-container\">\n\t\t\t\t\t\t\t\t\t<p>Nekem hatalmas meglepet\u00e9st okozott mikor a t\u00f6r\u00f6k bar\u00e1taim fot\u00f3in el\u0151sz\u00f6r l\u00e1ttam kar\u00e1csonyf\u00e1t, de kider\u00fclt, hogy \u0151k term\u00e9szetesen nem J\u00e9zus sz\u00fclet\u00e9s\u00e9t \u00fcnneplik olyan h\u00e9vvel mint mi, az \u00fcnnepnek semmilyen vall\u00e1sos jellege nincs az \u0151 szempontjukb\u00f3l, ugyanakkor \u00e1tvett\u00e9k ezt a csili-vili hangulatot a nyugati kult\u00far\u00e1b\u00f3l \u00e9s hozz\u00e1k\u00f6t\u00f6tt\u00e9k az \u00faj \u00e9v meg\u00fcnnepl\u00e9s\u00e9hez. Na de most j\u00f6n a fordulat a t\u00f6rt\u00e9netben! Ugyanis lehet, hogy m\u00e9gsem \u0151k vett\u00e9k \u00e1t t\u0151l\u00fcnk a fad\u00edsz\u00edt\u00e9s hagyom\u00e1ny\u00e1t, hanem mi t\u0151l\u00fck!<\/p><p>Ugyanis mint tudjuk, a mi fa\u00e1ll\u00edt\u00e1si szok\u00e1sunk a december 22-i nap\u00e9jegyenl\u0151s\u00e9ghez k\u00f6thet\u0151, ugyanis az \u00f6r\u00f6kz\u00f6ld fa sz\u00edn\u00e9vel a frissess\u00e9get, a z\u00f6ld term\u00e9szetet, az \u00fajj\u00e1sz\u00fclet\u00e9st szimboliz\u00e1lja. Ezt k\u00f6t\u00f6tt\u00fck mi hozz\u00e1 J\u00e9zus sz\u00fclet\u00e9s\u00e9nek meg\u00fcnnepl\u00e9s\u00e9hez. Na most a t\u00f6r\u00f6k\u00f6kn\u00e9l m\u00e1r azel\u0151tt meg volt ez a szok\u00e1s, hogy felvett\u00e9k volna az iszl\u00e1m vall\u00e1st. Pog\u00e1ny hit\u00fck szerint l\u00e9tezett egy \u00f3ri\u00e1s fa, mely a f\u00f6ld k\u00f6zep\u00e9t\u0151l az \u00e9gig \u00e9rt \u00e9s a cs\u00facs\u00e1n egy \u00dclgen nev\u0171 isten \u00fclt a palot\u00e1j\u00e1ban onnan ir\u00e1ny\u00edtva a napot. Miut\u00e1n az \u0151sz folyam\u00e1n egyre hosszabbak lettek az \u00e9jszak\u00e1k, december 22-\u00e9n a nappal \u00e9s \u00e9jszaka nagy harcot v\u00edvott egym\u00e1ssal \u00e9s v\u00e9g\u00fcl a nappal gy\u0151z\u00f6tt, \u00edgy v\u00e1lt lehets\u00e9gess\u00e9, hogy ahogy k\u00f6zeledik a tavasz, a nappalok is egyre hosszabbak. Ezt a gy\u0151zelmet, a napot \u00e9s annak \u00fajj\u00e1sz\u00fclet\u00e9s\u00e9t \u00fcnnepelt\u00e9k a t\u00f6r\u00f6k\u00f6k a legenda szerint az \u00e9gig \u00e9r\u0151 \u201c\u00e9let f\u00e1ja\u201d alatt. \u00c9s term\u00e9szetesen hogyan vett\u00e9k \u00e1t az eur\u00f3paiak a fad\u00edsz\u00edt\u00e9si szok\u00e1st a t\u00f6r\u00f6k\u00f6kt\u0151l? H\u00e1t persze, hogy a hunokon kereszt\u00fcl. Vagy legal\u00e1bbis a t\u00f6r\u00f6k\u00f6k ezt mondj\u00e1k! Legyen \u00edgy! Tulajdonk\u00e9ppen a magyarok miatt van ilyen csili-vili kar\u00e1csony eg\u00e9sz Eur\u00f3p\u00e1ban! H\u00e1t ez igaz\u00e1n j\u00f3l hangzik! \ud83d\ude42<\/p><p>\u00c9s hogy hogyan k\u00f6t\u0151d\u00f6tt \u00f6ssze v\u00e9g\u00fcl J\u00e9zus sz\u00fclet\u00e9s\u00e9nek meg\u00fcnnepl\u00e9se \u00e9s a kar\u00e1csonyfa d\u00edsz\u00edt\u00e9s? Nagy Konstantin egyh\u00e1zi reformja, \u00e9s a kereszt\u00e9nys\u00e9g \u00e1llamvall\u00e1sk\u00e9nt val\u00f3 bevezet\u00e9se ut\u00e1n, a niceai (ma Iznik v\u00e1rosa T\u00f6r\u00f6korsz\u00e1gban) zsinat int\u00e9zked\u00e9sei kapcs\u00e1n 325 \u00e9s 335 k\u00f6z\u00f6tt ker\u00fclt sor az \u00fcnnep elismer\u00e9s\u00e9re, el\u0151tte a kereszt\u00e9nyekn\u00e9l sem l\u00e9tezett kar\u00e1csony \u00fcnnepe. Az \u00fcnnep napj\u00e1nak megv\u00e1laszt\u00e1sa nem volt egy\u00e9rtelm\u0171, mert J\u00e9zus sz\u00fclet\u00e9se napj\u00e1val kapcsolatban a sok uralkod\u00f3 elm\u00e9let k\u00f6z\u00fcl a t\u00e9li napfordul\u00f3 csak az egyik id\u0151pont volt. Egyes v\u00e9lem\u00e9nyek szerint J\u00e9zus december 20-\u00e1n sz\u00fcletett, \u00e1m m\u00e1sok szerint \u00e1prilis 18-19-\u00e9n, m\u00edg megint m\u00e1sok szerint november 25-\u00e9n, s\u0151t egyes elm\u00e9letek szerint V\u00edzkeresztkor, azaz janu\u00e1r hatodik\u00e1n l\u00e1tta meg a napvil\u00e1got. A zsinat ut\u00e1n a hat\u00e1rozat december 25-\u00e9t jel\u00f6lte meg az \u00fcnnep napj\u00e1nak, hogy ezzel a t\u00e9li napfordul\u00f3hoz k\u00f6thet\u0151 pog\u00e1ny \u00fcnnepet a Szent Iv\u00e1n-\u00e9jszak\u00e1hoz hasonlatosan \u00faj form\u00e1ban a kereszt\u00e9ny \u00fcnnepnapok \u00e9s szok\u00e1sok r\u00e9sz\u00e9ve tegy\u00e9k. A fa, mint a pog\u00e1ny \u00fcnnep elmaradhatatlan r\u00e9sze ezut\u00e1n m\u00e1r december 25-\u00e9hez kapcsol\u00f3dott, a jelenkorihoz hasonl\u00f3 d\u00edsz\u00edt\u00e9se azonban csak a 17. sz\u00e1zadt\u00f3l v\u00e1lik elterjedt\u00e9. Eleinte N\u00e9metorsz\u00e1gban d\u00edsz\u00edtett\u00e9k alm\u00e1val, mellyel a bibliai alm\u00e1ra utaltak, \u00edgy k\u00f6tve m\u00e9g ink\u00e1bb a f\u00e1t a vall\u00e1si \u00fcnnephez K\u00e9s\u0151bb a d\u00edszek az alma form\u00e1j\u00e1t szimboliz\u00e1lva lettek g\u00f6mb alak\u00faak. \u00a0<\/p><p>No h\u00e1t \u00edgy van nek\u00fcnk egy kis t\u00falz\u00e1ssal tulajdonk\u00e9ppen t\u00f6r\u00f6k kar\u00e1csonyunk \u00e9s nem nekik nyugati \ud83d\ude42<\/p><p>\u00c9s ha m\u00e1r \u00edgy k\u00f6t\u0151dik minden mindenhez \u00e9s gondolom ti is m\u00e1r szilveszteri l\u00e1zban \u00e9gtek, engedj\u00e9tek meg, hogy adjak n\u00e9h\u00e1ny tippet, hogy mivel dobhatn\u00e1tok fel a szombati h\u00e1zibulit! (ments\u00e9tek el j\u00f6v\u0151 kar\u00e1csonyra is!)<\/p><p><a href=\"https:\/\/onedio.com\/haber\/tabaga-koymak-yerine-tutup-agaca-asmak-isteyeceginiz-birbirinden-leziz-15-yeni-yil-aperatifi-743334?utm_source=onedioyemek&amp;utm_campaign=facebook_page&amp;utm_medium=facebook\">https:\/\/onedio.com\/haber\/tabaga-koymak-yerine-tutup-agaca-asmak-isteyeceginiz-birbirinden-leziz-15-yeni-yil-aperatifi-743334?utm_source=onedioyemek&amp;utm_campaign=facebook_page&amp;utm_medium=facebook<\/a><\/p><p>Mivel az \u00e9telek t\u00f6bbs\u00e9ge nem ig\u00e9nyel f\u0151z\u00e9st, ez\u00e9rt nem ford\u00edtom le a hozz\u00e1val\u00f3kat egyenk\u00e9nt, a k\u00e9p alapj\u00e1n le tudj\u00e1tok ut\u00e1nozni. Az egyed\u00fcli \u00f6sszetettebb recept \u00e9s egyben a kedvencem ford\u00edt\u00e1s\u00e1t pedig al\u00e1bb tal\u00e1lj\u00e1tok!<\/p>\t\t\t\t\t\t\t\t<\/div>\n\t\t\t\t<\/div>\n\t\t\t\t\t<\/div>\n\t\t<\/div>\n\t\t\t\t\t<\/div>\n\t\t<\/section>\n\t\t\t\t<section class=\"elementor-section elementor-top-section elementor-element elementor-element-24401bc elementor-section-boxed elementor-section-height-default elementor-section-height-default\" data-id=\"24401bc\" data-element_type=\"section\" data-e-type=\"section\" data-settings=\"{&quot;jet_parallax_layout_list&quot;:[{&quot;jet_parallax_layout_image&quot;:{&quot;url&quot;:&quot;&quot;,&quot;id&quot;:&quot;&quot;,&quot;size&quot;:&quot;&quot;},&quot;_id&quot;:&quot;3b8b9cc&quot;,&quot;jet_parallax_layout_image_tablet&quot;:{&quot;url&quot;:&quot;&quot;,&quot;id&quot;:&quot;&quot;,&quot;size&quot;:&quot;&quot;},&quot;jet_parallax_layout_image_mobile&quot;:{&quot;url&quot;:&quot;&quot;,&quot;id&quot;:&quot;&quot;,&quot;size&quot;:&quot;&quot;},&quot;jet_parallax_layout_speed&quot;:{&quot;unit&quot;:&quot;%&quot;,&quot;size&quot;:50,&quot;sizes&quot;:[]},&quot;jet_parallax_layout_type&quot;:&quot;scroll&quot;,&quot;jet_parallax_layout_direction&quot;:&quot;1&quot;,&quot;jet_parallax_layout_fx_direction&quot;:null,&quot;jet_parallax_layout_z_index&quot;:&quot;&quot;,&quot;jet_parallax_layout_bg_x&quot;:50,&quot;jet_parallax_layout_bg_y&quot;:50,&quot;jet_parallax_layout_bg_size&quot;:&quot;auto&quot;,&quot;jet_parallax_layout_animation_prop&quot;:&quot;transform&quot;,&quot;jet_parallax_layout_on&quot;:[&quot;desktop&quot;,&quot;tablet&quot;],&quot;jet_parallax_layout_bg_x_tablet&quot;:&quot;&quot;,&quot;jet_parallax_layout_bg_x_mobile&quot;:&quot;&quot;,&quot;jet_parallax_layout_bg_y_tablet&quot;:&quot;&quot;,&quot;jet_parallax_layout_bg_y_mobile&quot;:&quot;&quot;,&quot;jet_parallax_layout_bg_size_tablet&quot;:&quot;&quot;,&quot;jet_parallax_layout_bg_size_mobile&quot;:&quot;&quot;}]}\">\n\t\t\t\t\t\t<div class=\"elementor-container elementor-column-gap-default\">\n\t\t\t\t\t<div class=\"elementor-column elementor-col-100 elementor-top-column elementor-element elementor-element-2560497\" data-id=\"2560497\" data-element_type=\"column\" data-e-type=\"column\">\n\t\t\t<div class=\"elementor-widget-wrap\">\n\t\t\t\t\t\t\t<\/div>\n\t\t<\/div>\n\t\t\t\t\t<\/div>\n\t\t<\/section>\n\t\t\t\t<\/div>\n\t\t","protected":false},"excerpt":{"rendered":"<p>Kar\u00e1csonyfa, csillog\u00f3-villog\u00f3 d\u00edszek a nagyv\u00e1rosok utc\u00e1in, T\u00e9lap\u00f3 \u00e9s \u00faj \u00e9v. A t\u00f6r\u00f6k\u00f6k t\u00f6bbs\u00e9ge sz\u00e1m\u00e1ra nem igaz\u00e1n tiszta, hogy mi a k\u00fcl\u00f6nbs\u00e9g a kar\u00e1csony \u00e9s az \u00faj \u00e9vi \u00fcnnep k\u00f6z\u00f6tt, sz\u00e1mos csal\u00e1d muszlim l\u00e9t\u00e9re f\u00e1t \u00e1ll\u00edt, s\u0151t az elvetem\u00fcltebbek m\u00e9g kar\u00e1csonyi dalokat is hallgatnak. \ud83d\ude42<\/p>","protected":false},"author":1,"featured_media":1340,"comment_status":"closed","ping_status":"closed","sticky":false,"template":"","format":"standard","meta":{"_acf_changed":false,"footnotes":""},"categories":[29],"tags":[204,41,203,198,205,197,202,39,206,49,199,37,40,33,34,38,90,91,200,201,207],"class_list":["post-1339","post","type-post","status-publish","format-standard","has-post-thumbnail","hentry","category-gasztrosztorik","tag-elet-faja","tag-gasztrosztori","tag-jezus","tag-karacsony","tag-konstantin","tag-nap","tag-napejegyenloseg","tag-nar-gourmet","tag-niceai-zsinat","tag-street-food","tag-szilveszter","tag-torok-etel","tag-torok-gasztro","tag-torok-gasztronomia","tag-torok-konyha","tag-torok-kultura","tag-torok-recept","tag-torok-unnep","tag-uj-ev","tag-ujjaszuletes","tag-zoldseges-lavas-tekercsek"],"acf":[],"yoast_head":"<!-- This site is optimized with the Yoast SEO plugin v27.3 - https:\/\/yoast.com\/product\/yoast-seo-wordpress\/ -->\n<title>Mi k\u00f6ze a hunoknak \u00e9s a t\u00f6r\u00f6k\u00f6knek a kar\u00e1csonyf\u00e1hoz \u00e9s J\u00e9zushoz? - Nar Gourmet<\/title>\n<meta name=\"description\" content=\"Kar\u00e1csonyfa, csillog\u00f3-villog\u00f3 d\u00edszek a nagyv\u00e1rosok utc\u00e1in, T\u00e9lap\u00f3 \u00e9s \u00faj \u00e9v.\" \/>\n<meta name=\"robots\" content=\"index, follow, max-snippet:-1, max-image-preview:large, max-video-preview:-1\" \/>\n<link rel=\"canonical\" href=\"https:\/\/www.nargourmet.hu\/en\/mi-koze-a-hunoknak-es-a-torokoknek-a-karacsonyfahoz-es-jezushoz\/\" \/>\n<meta property=\"og:locale\" content=\"en_GB\" \/>\n<meta property=\"og:type\" content=\"article\" \/>\n<meta property=\"og:title\" content=\"T\u00f6r\u00f6k street food, ami nem d\u00f6ner\" \/>\n<meta property=\"og:description\" content=\"Ak\u00e1rmilyen gazdag is T\u00f6r\u00f6korsz\u00e1g street food v\u00e1laszt\u00e9ka, sajnos itthon ebb\u0151l mi csak a d\u00f6nerrel tal\u00e1lkozhattunk \u00e9s \u00e1ltal\u00e1ban annak sem a legjobb v\u00e1ltozat\u00e1val.. De jelentem van alternat\u00edva!\" \/>\n<meta property=\"og:url\" content=\"https:\/\/www.nargourmet.hu\/en\/mi-koze-a-hunoknak-es-a-torokoknek-a-karacsonyfahoz-es-jezushoz\/\" \/>\n<meta property=\"og:site_name\" content=\"Nar Gourmet\" \/>\n<meta property=\"article:published_time\" content=\"2016-12-29T14:04:49+00:00\" \/>\n<meta property=\"article:modified_time\" content=\"2020-03-19T14:10:17+00:00\" \/>\n<meta property=\"og:image\" content=\"https:\/\/www.nargourmet.hu\/wp-content\/uploads\/2018\/09\/imag5359_1.jpg\" \/>\n\t<meta property=\"og:image:width\" content=\"4096\" \/>\n\t<meta property=\"og:image:height\" content=\"2304\" \/>\n\t<meta property=\"og:image:type\" content=\"image\/jpeg\" \/>\n<meta name=\"author\" content=\"T\u00f3th \u00c1gi - Nar Gourmet\" \/>\n<meta name=\"twitter:card\" content=\"summary_large_image\" \/>\n<meta name=\"twitter:title\" content=\"T\u00f6r\u00f6k street food, ami nem d\u00f6ner\" \/>\n<meta name=\"twitter:description\" content=\"Ak\u00e1rmilyen gazdag is T\u00f6r\u00f6korsz\u00e1g street food v\u00e1laszt\u00e9ka, sajnos itthon ebb\u0151l mi csak a d\u00f6nerrel tal\u00e1lkozhattunk \u00e9s \u00e1ltal\u00e1ban annak sem a legjobb v\u00e1ltozat\u00e1val.. De jelentem van alternat\u00edva!\" \/>\n<meta name=\"twitter:image\" content=\"https:\/\/www.nargourmet.hu\/wp-content\/uploads\/2018\/09\/imag5359_1.jpg\" \/>\n<meta name=\"twitter:label1\" content=\"Written by\" \/>\n\t<meta name=\"twitter:data1\" content=\"T\u00f3th \u00c1gi - Nar Gourmet\" \/>\n\t<meta name=\"twitter:label2\" content=\"Estimated reading time\" \/>\n\t<meta name=\"twitter:data2\" content=\"5 minutes\" \/>\n<script type=\"application\/ld+json\" class=\"yoast-schema-graph\">{\"@context\":\"https:\\\/\\\/schema.org\",\"@graph\":[{\"@type\":\"Article\",\"@id\":\"https:\\\/\\\/www.nargourmet.hu\\\/mi-koze-a-hunoknak-es-a-torokoknek-a-karacsonyfahoz-es-jezushoz\\\/#article\",\"isPartOf\":{\"@id\":\"https:\\\/\\\/www.nargourmet.hu\\\/mi-koze-a-hunoknak-es-a-torokoknek-a-karacsonyfahoz-es-jezushoz\\\/\"},\"author\":{\"name\":\"T\u00f3th \u00c1gi - Nar Gourmet\",\"@id\":\"https:\\\/\\\/www.nargourmet.hu\\\/#\\\/schema\\\/person\\\/905f7779e5136c7a041785532e5b3adc\"},\"headline\":\"Mi k\u00f6ze a hunoknak \u00e9s a t\u00f6r\u00f6k\u00f6knek a kar\u00e1csonyf\u00e1hoz \u00e9s J\u00e9zushoz?\",\"datePublished\":\"2016-12-29T14:04:49+00:00\",\"dateModified\":\"2020-03-19T14:10:17+00:00\",\"mainEntityOfPage\":{\"@id\":\"https:\\\/\\\/www.nargourmet.hu\\\/mi-koze-a-hunoknak-es-a-torokoknek-a-karacsonyfahoz-es-jezushoz\\\/\"},\"wordCount\":942,\"image\":{\"@id\":\"https:\\\/\\\/www.nargourmet.hu\\\/mi-koze-a-hunoknak-es-a-torokoknek-a-karacsonyfahoz-es-jezushoz\\\/#primaryimage\"},\"thumbnailUrl\":\"https:\\\/\\\/www.nargourmet.hu\\\/wp-content\\\/uploads\\\/2020\\\/03\\\/harom-kiralyok-tapeta-6000x2000-40988_109.jpg\",\"keywords\":[\"\u00e9let f\u00e1ja\",\"gasztrosztori\",\"J\u00e9zus\",\"kar\u00e1csony\",\"Konstantin\",\"nap\",\"nap\u00e9jegyenl\u0151s\u00e9g\",\"nar gourmet\",\"niceai zsinat\",\"street food\",\"szilveszter\",\"t\u00f6r\u00f6k \u00e9tel\",\"t\u00f6r\u00f6k gasztro\",\"t\u00f6r\u00f6k gasztron\u00f3mia\",\"t\u00f6r\u00f6k konyha\",\"t\u00f6r\u00f6k kult\u00fara\",\"t\u00f6r\u00f6k recept\",\"t\u00f6r\u00f6k \u00fcnnep\",\"\u00faj \u00e9v\",\"\u00fajj\u00e1sz\u00fclet\u00e9s\",\"z\u00f6lds\u00e9ges lavas tekercsek\"],\"articleSection\":[\"Gasztrosztorik\"],\"inLanguage\":\"en-GB\"},{\"@type\":\"WebPage\",\"@id\":\"https:\\\/\\\/www.nargourmet.hu\\\/mi-koze-a-hunoknak-es-a-torokoknek-a-karacsonyfahoz-es-jezushoz\\\/\",\"url\":\"https:\\\/\\\/www.nargourmet.hu\\\/mi-koze-a-hunoknak-es-a-torokoknek-a-karacsonyfahoz-es-jezushoz\\\/\",\"name\":\"Mi k\u00f6ze a hunoknak \u00e9s a t\u00f6r\u00f6k\u00f6knek a kar\u00e1csonyf\u00e1hoz \u00e9s J\u00e9zushoz? - Nar Gourmet\",\"isPartOf\":{\"@id\":\"https:\\\/\\\/www.nargourmet.hu\\\/#website\"},\"primaryImageOfPage\":{\"@id\":\"https:\\\/\\\/www.nargourmet.hu\\\/mi-koze-a-hunoknak-es-a-torokoknek-a-karacsonyfahoz-es-jezushoz\\\/#primaryimage\"},\"image\":{\"@id\":\"https:\\\/\\\/www.nargourmet.hu\\\/mi-koze-a-hunoknak-es-a-torokoknek-a-karacsonyfahoz-es-jezushoz\\\/#primaryimage\"},\"thumbnailUrl\":\"https:\\\/\\\/www.nargourmet.hu\\\/wp-content\\\/uploads\\\/2020\\\/03\\\/harom-kiralyok-tapeta-6000x2000-40988_109.jpg\",\"datePublished\":\"2016-12-29T14:04:49+00:00\",\"dateModified\":\"2020-03-19T14:10:17+00:00\",\"author\":{\"@id\":\"https:\\\/\\\/www.nargourmet.hu\\\/#\\\/schema\\\/person\\\/905f7779e5136c7a041785532e5b3adc\"},\"description\":\"Kar\u00e1csonyfa, csillog\u00f3-villog\u00f3 d\u00edszek a nagyv\u00e1rosok utc\u00e1in, T\u00e9lap\u00f3 \u00e9s \u00faj \u00e9v.\",\"breadcrumb\":{\"@id\":\"https:\\\/\\\/www.nargourmet.hu\\\/mi-koze-a-hunoknak-es-a-torokoknek-a-karacsonyfahoz-es-jezushoz\\\/#breadcrumb\"},\"inLanguage\":\"en-GB\",\"potentialAction\":[{\"@type\":\"ReadAction\",\"target\":[\"https:\\\/\\\/www.nargourmet.hu\\\/mi-koze-a-hunoknak-es-a-torokoknek-a-karacsonyfahoz-es-jezushoz\\\/\"]}]},{\"@type\":\"ImageObject\",\"inLanguage\":\"en-GB\",\"@id\":\"https:\\\/\\\/www.nargourmet.hu\\\/mi-koze-a-hunoknak-es-a-torokoknek-a-karacsonyfahoz-es-jezushoz\\\/#primaryimage\",\"url\":\"https:\\\/\\\/www.nargourmet.hu\\\/wp-content\\\/uploads\\\/2020\\\/03\\\/harom-kiralyok-tapeta-6000x2000-40988_109.jpg\",\"contentUrl\":\"https:\\\/\\\/www.nargourmet.hu\\\/wp-content\\\/uploads\\\/2020\\\/03\\\/harom-kiralyok-tapeta-6000x2000-40988_109.jpg\",\"width\":1920,\"height\":640},{\"@type\":\"BreadcrumbList\",\"@id\":\"https:\\\/\\\/www.nargourmet.hu\\\/mi-koze-a-hunoknak-es-a-torokoknek-a-karacsonyfahoz-es-jezushoz\\\/#breadcrumb\",\"itemListElement\":[{\"@type\":\"ListItem\",\"position\":1,\"name\":\"Home\",\"item\":\"https:\\\/\\\/www.nargourmet.hu\\\/\"},{\"@type\":\"ListItem\",\"position\":2,\"name\":\"Mi k\u00f6ze a hunoknak \u00e9s a t\u00f6r\u00f6k\u00f6knek a kar\u00e1csonyf\u00e1hoz \u00e9s J\u00e9zushoz?\"}]},{\"@type\":\"WebSite\",\"@id\":\"https:\\\/\\\/www.nargourmet.hu\\\/#website\",\"url\":\"https:\\\/\\\/www.nargourmet.hu\\\/\",\"name\":\"Nar Gourmet\",\"description\":\"T\u00f6r\u00f6k gasztron\u00f3mia\",\"potentialAction\":[{\"@type\":\"SearchAction\",\"target\":{\"@type\":\"EntryPoint\",\"urlTemplate\":\"https:\\\/\\\/www.nargourmet.hu\\\/?s={search_term_string}\"},\"query-input\":{\"@type\":\"PropertyValueSpecification\",\"valueRequired\":true,\"valueName\":\"search_term_string\"}}],\"inLanguage\":\"en-GB\"},{\"@type\":\"Person\",\"@id\":\"https:\\\/\\\/www.nargourmet.hu\\\/#\\\/schema\\\/person\\\/905f7779e5136c7a041785532e5b3adc\",\"name\":\"T\u00f3th \u00c1gi - Nar Gourmet\",\"image\":{\"@type\":\"ImageObject\",\"inLanguage\":\"en-GB\",\"@id\":\"https:\\\/\\\/www.nargourmet.hu\\\/wp-content\\\/uploads\\\/2022\\\/08\\\/cropped-DSC_2049-2-96x96.jpg\",\"url\":\"https:\\\/\\\/www.nargourmet.hu\\\/wp-content\\\/uploads\\\/2022\\\/08\\\/cropped-DSC_2049-2-96x96.jpg\",\"contentUrl\":\"https:\\\/\\\/www.nargourmet.hu\\\/wp-content\\\/uploads\\\/2022\\\/08\\\/cropped-DSC_2049-2-96x96.jpg\",\"caption\":\"T\u00f3th \u00c1gi - Nar Gourmet\"},\"description\":\"T\u00f3th \u00c1gi vagyok, a Nar Gourmet m\u00e1rka alap\u00edt\u00f3ja, a t\u00f6r\u00f6k konyham\u0171v\u00e9szet szak\u00e9rt\u0151je. 2005 \u00f3ta j\u00e1rom T\u00f6r\u00f6korsz\u00e1g vid\u00e9keit, 5 \u00e9ven \u00e1t szerveztem Magyarorsz\u00e1g els\u0151 rendszeres, a t\u00f6r\u00f6k kult\u00far\u00e1t bemutat\u00f3 programsorozat\u00e1t, 2,5 \u00e9vig pedig a Yunus Emre Int\u00e9zet Budapesti T\u00f6r\u00f6k Kultur\u00e1lis K\u00f6zpont kultur\u00e1lis vezet\u0151je voltam.\",\"url\":\"https:\\\/\\\/www.nargourmet.hu\\\/en\\\/author\\\/nargourmet\\\/\"}]}<\/script>\n<!-- \/ Yoast SEO plugin. -->","yoast_head_json":{"title":"Mi k\u00f6ze a hunoknak \u00e9s a t\u00f6r\u00f6k\u00f6knek a kar\u00e1csonyf\u00e1hoz \u00e9s J\u00e9zushoz? - Nar Gourmet","description":"Kar\u00e1csonyfa, csillog\u00f3-villog\u00f3 d\u00edszek a nagyv\u00e1rosok utc\u00e1in, T\u00e9lap\u00f3 \u00e9s \u00faj \u00e9v.","robots":{"index":"index","follow":"follow","max-snippet":"max-snippet:-1","max-image-preview":"max-image-preview:large","max-video-preview":"max-video-preview:-1"},"canonical":"https:\/\/www.nargourmet.hu\/en\/mi-koze-a-hunoknak-es-a-torokoknek-a-karacsonyfahoz-es-jezushoz\/","og_locale":"en_GB","og_type":"article","og_title":"T\u00f6r\u00f6k street food, ami nem d\u00f6ner","og_description":"Ak\u00e1rmilyen gazdag is T\u00f6r\u00f6korsz\u00e1g street food v\u00e1laszt\u00e9ka, sajnos itthon ebb\u0151l mi csak a d\u00f6nerrel tal\u00e1lkozhattunk \u00e9s \u00e1ltal\u00e1ban annak sem a legjobb v\u00e1ltozat\u00e1val.. De jelentem van alternat\u00edva!","og_url":"https:\/\/www.nargourmet.hu\/en\/mi-koze-a-hunoknak-es-a-torokoknek-a-karacsonyfahoz-es-jezushoz\/","og_site_name":"Nar Gourmet","article_published_time":"2016-12-29T14:04:49+00:00","article_modified_time":"2020-03-19T14:10:17+00:00","og_image":[{"width":4096,"height":2304,"url":"https:\/\/www.nargourmet.hu\/wp-content\/uploads\/2018\/09\/imag5359_1.jpg","type":"image\/jpeg"}],"author":"T\u00f3th \u00c1gi - Nar Gourmet","twitter_card":"summary_large_image","twitter_title":"T\u00f6r\u00f6k street food, ami nem d\u00f6ner","twitter_description":"Ak\u00e1rmilyen gazdag is T\u00f6r\u00f6korsz\u00e1g street food v\u00e1laszt\u00e9ka, sajnos itthon ebb\u0151l mi csak a d\u00f6nerrel tal\u00e1lkozhattunk \u00e9s \u00e1ltal\u00e1ban annak sem a legjobb v\u00e1ltozat\u00e1val.. De jelentem van alternat\u00edva!","twitter_image":"https:\/\/www.nargourmet.hu\/wp-content\/uploads\/2018\/09\/imag5359_1.jpg","twitter_misc":{"Written by":"T\u00f3th \u00c1gi - Nar Gourmet","Estimated reading time":"5 minutes"},"schema":{"@context":"https:\/\/schema.org","@graph":[{"@type":"Article","@id":"https:\/\/www.nargourmet.hu\/mi-koze-a-hunoknak-es-a-torokoknek-a-karacsonyfahoz-es-jezushoz\/#article","isPartOf":{"@id":"https:\/\/www.nargourmet.hu\/mi-koze-a-hunoknak-es-a-torokoknek-a-karacsonyfahoz-es-jezushoz\/"},"author":{"name":"T\u00f3th \u00c1gi - Nar Gourmet","@id":"https:\/\/www.nargourmet.hu\/#\/schema\/person\/905f7779e5136c7a041785532e5b3adc"},"headline":"Mi k\u00f6ze a hunoknak \u00e9s a t\u00f6r\u00f6k\u00f6knek a kar\u00e1csonyf\u00e1hoz \u00e9s J\u00e9zushoz?","datePublished":"2016-12-29T14:04:49+00:00","dateModified":"2020-03-19T14:10:17+00:00","mainEntityOfPage":{"@id":"https:\/\/www.nargourmet.hu\/mi-koze-a-hunoknak-es-a-torokoknek-a-karacsonyfahoz-es-jezushoz\/"},"wordCount":942,"image":{"@id":"https:\/\/www.nargourmet.hu\/mi-koze-a-hunoknak-es-a-torokoknek-a-karacsonyfahoz-es-jezushoz\/#primaryimage"},"thumbnailUrl":"https:\/\/www.nargourmet.hu\/wp-content\/uploads\/2020\/03\/harom-kiralyok-tapeta-6000x2000-40988_109.jpg","keywords":["\u00e9let f\u00e1ja","gasztrosztori","J\u00e9zus","kar\u00e1csony","Konstantin","nap","nap\u00e9jegyenl\u0151s\u00e9g","nar gourmet","niceai zsinat","street food","szilveszter","t\u00f6r\u00f6k \u00e9tel","t\u00f6r\u00f6k gasztro","t\u00f6r\u00f6k gasztron\u00f3mia","t\u00f6r\u00f6k konyha","t\u00f6r\u00f6k kult\u00fara","t\u00f6r\u00f6k recept","t\u00f6r\u00f6k \u00fcnnep","\u00faj \u00e9v","\u00fajj\u00e1sz\u00fclet\u00e9s","z\u00f6lds\u00e9ges lavas tekercsek"],"articleSection":["Gasztrosztorik"],"inLanguage":"en-GB"},{"@type":"WebPage","@id":"https:\/\/www.nargourmet.hu\/mi-koze-a-hunoknak-es-a-torokoknek-a-karacsonyfahoz-es-jezushoz\/","url":"https:\/\/www.nargourmet.hu\/mi-koze-a-hunoknak-es-a-torokoknek-a-karacsonyfahoz-es-jezushoz\/","name":"Mi k\u00f6ze a hunoknak \u00e9s a t\u00f6r\u00f6k\u00f6knek a kar\u00e1csonyf\u00e1hoz \u00e9s J\u00e9zushoz? - Nar Gourmet","isPartOf":{"@id":"https:\/\/www.nargourmet.hu\/#website"},"primaryImageOfPage":{"@id":"https:\/\/www.nargourmet.hu\/mi-koze-a-hunoknak-es-a-torokoknek-a-karacsonyfahoz-es-jezushoz\/#primaryimage"},"image":{"@id":"https:\/\/www.nargourmet.hu\/mi-koze-a-hunoknak-es-a-torokoknek-a-karacsonyfahoz-es-jezushoz\/#primaryimage"},"thumbnailUrl":"https:\/\/www.nargourmet.hu\/wp-content\/uploads\/2020\/03\/harom-kiralyok-tapeta-6000x2000-40988_109.jpg","datePublished":"2016-12-29T14:04:49+00:00","dateModified":"2020-03-19T14:10:17+00:00","author":{"@id":"https:\/\/www.nargourmet.hu\/#\/schema\/person\/905f7779e5136c7a041785532e5b3adc"},"description":"Kar\u00e1csonyfa, csillog\u00f3-villog\u00f3 d\u00edszek a nagyv\u00e1rosok utc\u00e1in, T\u00e9lap\u00f3 \u00e9s \u00faj \u00e9v.","breadcrumb":{"@id":"https:\/\/www.nargourmet.hu\/mi-koze-a-hunoknak-es-a-torokoknek-a-karacsonyfahoz-es-jezushoz\/#breadcrumb"},"inLanguage":"en-GB","potentialAction":[{"@type":"ReadAction","target":["https:\/\/www.nargourmet.hu\/mi-koze-a-hunoknak-es-a-torokoknek-a-karacsonyfahoz-es-jezushoz\/"]}]},{"@type":"ImageObject","inLanguage":"en-GB","@id":"https:\/\/www.nargourmet.hu\/mi-koze-a-hunoknak-es-a-torokoknek-a-karacsonyfahoz-es-jezushoz\/#primaryimage","url":"https:\/\/www.nargourmet.hu\/wp-content\/uploads\/2020\/03\/harom-kiralyok-tapeta-6000x2000-40988_109.jpg","contentUrl":"https:\/\/www.nargourmet.hu\/wp-content\/uploads\/2020\/03\/harom-kiralyok-tapeta-6000x2000-40988_109.jpg","width":1920,"height":640},{"@type":"BreadcrumbList","@id":"https:\/\/www.nargourmet.hu\/mi-koze-a-hunoknak-es-a-torokoknek-a-karacsonyfahoz-es-jezushoz\/#breadcrumb","itemListElement":[{"@type":"ListItem","position":1,"name":"Home","item":"https:\/\/www.nargourmet.hu\/"},{"@type":"ListItem","position":2,"name":"Mi k\u00f6ze a hunoknak \u00e9s a t\u00f6r\u00f6k\u00f6knek a kar\u00e1csonyf\u00e1hoz \u00e9s J\u00e9zushoz?"}]},{"@type":"WebSite","@id":"https:\/\/www.nargourmet.hu\/#website","url":"https:\/\/www.nargourmet.hu\/","name":"Nar Gourmet","description":"T\u00f6r\u00f6k gasztron\u00f3mia","potentialAction":[{"@type":"SearchAction","target":{"@type":"EntryPoint","urlTemplate":"https:\/\/www.nargourmet.hu\/?s={search_term_string}"},"query-input":{"@type":"PropertyValueSpecification","valueRequired":true,"valueName":"search_term_string"}}],"inLanguage":"en-GB"},{"@type":"Person","@id":"https:\/\/www.nargourmet.hu\/#\/schema\/person\/905f7779e5136c7a041785532e5b3adc","name":"T\u00f3th \u00c1gi - Nar Gourmet","image":{"@type":"ImageObject","inLanguage":"en-GB","@id":"https:\/\/www.nargourmet.hu\/wp-content\/uploads\/2022\/08\/cropped-DSC_2049-2-96x96.jpg","url":"https:\/\/www.nargourmet.hu\/wp-content\/uploads\/2022\/08\/cropped-DSC_2049-2-96x96.jpg","contentUrl":"https:\/\/www.nargourmet.hu\/wp-content\/uploads\/2022\/08\/cropped-DSC_2049-2-96x96.jpg","caption":"T\u00f3th \u00c1gi - Nar Gourmet"},"description":"T\u00f3th \u00c1gi vagyok, a Nar Gourmet m\u00e1rka alap\u00edt\u00f3ja, a t\u00f6r\u00f6k konyham\u0171v\u00e9szet szak\u00e9rt\u0151je. 2005 \u00f3ta j\u00e1rom T\u00f6r\u00f6korsz\u00e1g vid\u00e9keit, 5 \u00e9ven \u00e1t szerveztem Magyarorsz\u00e1g els\u0151 rendszeres, a t\u00f6r\u00f6k kult\u00far\u00e1t bemutat\u00f3 programsorozat\u00e1t, 2,5 \u00e9vig pedig a Yunus Emre Int\u00e9zet Budapesti T\u00f6r\u00f6k Kultur\u00e1lis K\u00f6zpont kultur\u00e1lis vezet\u0151je voltam.","url":"https:\/\/www.nargourmet.hu\/en\/author\/nargourmet\/"}]}},"_links":{"self":[{"href":"https:\/\/www.nargourmet.hu\/en\/wp-json\/wp\/v2\/posts\/1339","targetHints":{"allow":["GET"]}}],"collection":[{"href":"https:\/\/www.nargourmet.hu\/en\/wp-json\/wp\/v2\/posts"}],"about":[{"href":"https:\/\/www.nargourmet.hu\/en\/wp-json\/wp\/v2\/types\/post"}],"author":[{"embeddable":true,"href":"https:\/\/www.nargourmet.hu\/en\/wp-json\/wp\/v2\/users\/1"}],"replies":[{"embeddable":true,"href":"https:\/\/www.nargourmet.hu\/en\/wp-json\/wp\/v2\/comments?post=1339"}],"version-history":[{"count":2,"href":"https:\/\/www.nargourmet.hu\/en\/wp-json\/wp\/v2\/posts\/1339\/revisions"}],"predecessor-version":[{"id":1343,"href":"https:\/\/www.nargourmet.hu\/en\/wp-json\/wp\/v2\/posts\/1339\/revisions\/1343"}],"wp:featuredmedia":[{"embeddable":true,"href":"https:\/\/www.nargourmet.hu\/en\/wp-json\/wp\/v2\/media\/1340"}],"wp:attachment":[{"href":"https:\/\/www.nargourmet.hu\/en\/wp-json\/wp\/v2\/media?parent=1339"}],"wp:term":[{"taxonomy":"category","embeddable":true,"href":"https:\/\/www.nargourmet.hu\/en\/wp-json\/wp\/v2\/categories?post=1339"},{"taxonomy":"post_tag","embeddable":true,"href":"https:\/\/www.nargourmet.hu\/en\/wp-json\/wp\/v2\/tags?post=1339"}],"curies":[{"name":"wp","href":"https:\/\/api.w.org\/{rel}","templated":true}]}}