{"id":1344,"date":"2016-12-17T15:38:53","date_gmt":"2016-12-17T15:38:53","guid":{"rendered":"https:\/\/www.nargourmet.hu\/?p=1344"},"modified":"2020-03-19T16:24:14","modified_gmt":"2020-03-19T16:24:14","slug":"birsalma-a-torok-eredetu-szupergyumolcsunk","status":"publish","type":"post","link":"https:\/\/www.nargourmet.hu\/en\/birsalma-a-torok-eredetu-szupergyumolcsunk\/","title":{"rendered":"Birsalma, a t\u00f6r\u00f6k eredet\u0171 szupergy\u00fcm\u00f6lcs\u00fcnk"},"content":{"rendered":"\t\t<div data-elementor-type=\"wp-post\" data-elementor-id=\"1344\" class=\"elementor elementor-1344\" data-elementor-post-type=\"post\">\n\t\t\t\t\t\t<section class=\"elementor-section elementor-top-section elementor-element elementor-element-1662b18 elementor-section-boxed elementor-section-height-default elementor-section-height-default\" data-id=\"1662b18\" data-element_type=\"section\" data-e-type=\"section\" data-settings=\"{&quot;jet_parallax_layout_list&quot;:[{&quot;jet_parallax_layout_image&quot;:{&quot;url&quot;:&quot;&quot;,&quot;id&quot;:&quot;&quot;,&quot;size&quot;:&quot;&quot;},&quot;_id&quot;:&quot;4e324be&quot;,&quot;jet_parallax_layout_speed&quot;:{&quot;unit&quot;:&quot;%&quot;,&quot;size&quot;:50,&quot;sizes&quot;:[]},&quot;jet_parallax_layout_type&quot;:&quot;scroll&quot;,&quot;jet_parallax_layout_z_index&quot;:&quot;&quot;,&quot;jet_parallax_layout_bg_x&quot;:50,&quot;jet_parallax_layout_bg_y&quot;:50,&quot;jet_parallax_layout_bg_size&quot;:&quot;auto&quot;,&quot;jet_parallax_layout_animation_prop&quot;:&quot;transform&quot;,&quot;jet_parallax_layout_on&quot;:[&quot;desktop&quot;,&quot;tablet&quot;],&quot;jet_parallax_layout_image_tablet&quot;:{&quot;url&quot;:&quot;&quot;,&quot;id&quot;:&quot;&quot;,&quot;size&quot;:&quot;&quot;},&quot;jet_parallax_layout_image_mobile&quot;:{&quot;url&quot;:&quot;&quot;,&quot;id&quot;:&quot;&quot;,&quot;size&quot;:&quot;&quot;},&quot;jet_parallax_layout_direction&quot;:&quot;1&quot;,&quot;jet_parallax_layout_fx_direction&quot;:null,&quot;jet_parallax_layout_bg_x_tablet&quot;:&quot;&quot;,&quot;jet_parallax_layout_bg_x_mobile&quot;:&quot;&quot;,&quot;jet_parallax_layout_bg_y_tablet&quot;:&quot;&quot;,&quot;jet_parallax_layout_bg_y_mobile&quot;:&quot;&quot;,&quot;jet_parallax_layout_bg_size_tablet&quot;:&quot;&quot;,&quot;jet_parallax_layout_bg_size_mobile&quot;:&quot;&quot;}]}\">\n\t\t\t\t\t\t<div class=\"elementor-container elementor-column-gap-default\">\n\t\t\t\t\t<div class=\"elementor-column elementor-col-100 elementor-top-column elementor-element elementor-element-e0f91d4\" data-id=\"e0f91d4\" data-element_type=\"column\" data-e-type=\"column\">\n\t\t\t<div class=\"elementor-widget-wrap elementor-element-populated\">\n\t\t\t\t\t\t<div data-dce-text-color=\"#111111\" class=\"elementor-element elementor-element-10f122d elementor-widget elementor-widget-text-editor\" data-id=\"10f122d\" data-element_type=\"widget\" data-e-type=\"widget\" data-widget_type=\"text-editor.default\">\n\t\t\t\t<div class=\"elementor-widget-container\">\n\t\t\t\t\t\t\t\t\t<p>Egy h\u00e9ttel kar\u00e1csony el\u0151tt m\u00e1r bizony\u00e1ra mindenki \u00fcnnepi l\u00e1zban \u00e9g, \u00edrja a m\u00e9teres bev\u00e1s\u00e1rl\u00f3list\u00e1kat, r\u00f3ja a piacokat. Mik\u00f6zben v\u00e1logatunk az ezersz\u00edn\u0171 z\u00f6lds\u00e9gek \u00e9s gy\u00fcm\u00f6lcs\u00f6k k\u00f6z\u00f6tt, sajnos manaps\u00e1g els\u00e9t\u00e1lunk az egyik legsokoldal\u00fabb \u00e9s legeg\u00e9szs\u00e9gesebb gy\u00fcm\u00f6lcs, a birsalma mellett. Pedig ak\u00e1r a kar\u00e1csonyi men\u00fct is feldobhatn\u00e1nk ezzel a szupergy\u00fcm\u00f6lccsel, ami term\u00e9szetesen ki m\u00e1st\u00f3l is \u00e9rkezett volna hozz\u00e1nk n\u00e9h\u00e1ny sz\u00e1z \u00e9vvel ezel\u0151tt, mint a t\u00f6r\u00f6k\u00f6kt\u0151l.<\/p><p>A birsalma t\u00f6rt\u00e9nete eg\u00e9szen az \u00f3korig ny\u00falik vissza, hiszen m\u00e1r az \u00f3kori g\u00f6r\u00f6g mond\u00e1kban is eml\u00edt\u00e9st tesznek r\u00f3la. A legt\u00f6bb t\u00f6rt\u00e9netben, ahol alma ker\u00fcl megeml\u00edt\u00e9sre, ott nagy val\u00f3sz\u00edn\u0171s\u00e9ggel birsalm\u00e1r\u00f3l volt sz\u00f3. Term\u00e9kenys\u00e9g szimb\u00f3luma, a tr\u00f3jai h\u00e1bor\u00fa kirobbant\u00f3ja (ez volt az az aranyalma, amit P\u00e1risz herceg Aphrodit\u00e9nak aj\u00e1nd\u00e9kozott), az oszm\u00e1n korban a szult\u00e1nok asztal\u00e1n komp\u00f3tk\u00e9nt vagy h\u00fasok k\u00f6retek\u00e9nt el\u0151fordul\u00f3 finoms\u00e1g a magyar konyh\u00e1ban is m\u00e1r r\u00e9g\u00f3ta fontos szerepet j\u00e1tszik, de rohan\u00f3 vil\u00e1gunkban ez is lassan feled\u00e9sbe mer\u00fcl. Kora \u00fajkori szak\u00e1csk\u00f6nyveink telis tele vannak birsalm\u00e1s receptekkel, legyen sz\u00f3, birsalmasajtr\u00f3l, lik\u0151rr\u0151l, lekv\u00e1rr\u00f3l vagy bef\u0151ttr\u0151l, m\u00e9gis manaps\u00e1g \u00e9ttermekben sem nagyon tal\u00e1lkozunk vele \u00e9s mi sem vessz\u00fck meg, mert t\u00f6bbnyire nem tudjuk, hogy mit kezdj\u00fcnk vele, nyersen pedig nem fogyaszthat\u00f3 (vagy legal\u00e1bbis nem \u00e9lvezetes)<\/p><p>A birsalma, mely napjainkra Ausztr\u00e1li\u00e1n k\u00edv\u00fcl a vil\u00e1g minden orsz\u00e1g\u00e1ban megtal\u00e1lhat\u00f3, a Kauk\u00e1zusban, Anat\u00f3li\u00e1ban \u00e9s \u00c9szak-Ir\u00e1nban \u0151shonos. T\u00f6r\u00f6korsz\u00e1g jelenleg is a vil\u00e1g legnagyobb birsalmatermel\u0151je, \u00edgy nem csoda, hogy szeretett gy\u00fcm\u00f6lcs\u00fcket ezer \u00e9s egyf\u00e9lek\u00e9ppen el tudj\u00e1k k\u00e9sz\u00edteni, mi t\u00f6bb, el\u0151ny\u00f6s \u00e9lettani hat\u00e1sait nem csak a konyh\u00e1ban, hanem a sz\u00e9ps\u00e9giparban \u00e9s gy\u00f3gy\u00e1szatban is kiakn\u00e1zz\u00e1k. Tudt\u00e1tok p\u00e9ld\u00e1ul, hogy kiv\u00e1l\u00f3 pakol\u00e1st k\u00e9sz\u00edthettek magjaib\u00f3l, mely seg\u00edt a gyullad\u00e1sos b\u0151r lenyugtat\u00e1s\u00e1ban \u00e9s a pattan\u00e1sok kialakul\u00e1s\u00e1nak megel\u0151z\u00e9s\u00e9ben? 8-10 magot, f\u00e9l deci v\u00edzbe kell \u00e1ztatni 1 napon \u00e1t, majd a magb\u00f3l kiold\u00f3d\u00f3 pektint\u0151l a v\u00edz kocsony\u00e1ss\u00e1 v\u00e1lik, melyet egy f\u00e9l \u00f3r\u00e1ra \u00e9rdemes felkenni a teljes arcfel\u00fcletre.<\/p><p>Gyullad\u00e1scs\u00f6kkent\u0151 hat\u00e1sa miatt komp\u00f3t form\u00e1ban javasolt a fogyaszt\u00e1sa megf\u00e1z\u00e1s vagy torokf\u00e1j\u00e1s eset\u00e9n, s\u0151t ha minden igaz a reumatikus \u00edz\u00fcleti f\u00e1jdalmakra sincs jobb, mint egy k\u00e9t h\u00e9tig tart\u00f3 birsalmal\u00e9 k\u00fara, mely alatt minden nap egy poh\u00e1rnyi gy\u00fcm\u00f6lcslevet \u00e9rdemes elfogyasztani. Mindezek mellett er\u0151s\u00edti az immunrendszert, az erek fal\u00e1t, seg\u00edt a vese \u00e9s a v\u00e9r tiszt\u00edt\u00e1s\u00e1ban, s\u0151t a gyomrot is nyugtatja. Vir\u00e1gj\u00e1b\u00f3l f\u0151z\u00f6tt tea pedig a kismam\u00e1kra tejserkent\u0151 hat\u00e1ssal b\u00edr.<\/p><p>A t\u00f6r\u00f6k\u00f6k level\u00e9t megt\u00f6ltik \u00e9s feltekerik, mint a sz\u0151l\u0151levelet, vir\u00e1gj\u00e1b\u00f3l te\u00e1t f\u0151znek, a gy\u00fcm\u00f6lcs\u00e9b\u0151l k\u00e9sz\u00fclt komp\u00f3t (ayva tatl\u0131s\u0131) pedig a t\u00e9l elmaradhatatlan desszertje.<\/p>\t\t\t\t\t\t\t\t<\/div>\n\t\t\t\t<\/div>\n\t\t\t\t<section class=\"elementor-section elementor-inner-section elementor-element elementor-element-85899ae elementor-section-boxed elementor-section-height-default elementor-section-height-default\" data-id=\"85899ae\" data-element_type=\"section\" data-e-type=\"section\" data-settings=\"{&quot;jet_parallax_layout_list&quot;:[{&quot;jet_parallax_layout_image&quot;:{&quot;url&quot;:&quot;&quot;,&quot;id&quot;:&quot;&quot;,&quot;size&quot;:&quot;&quot;},&quot;_id&quot;:&quot;cbff1cc&quot;,&quot;jet_parallax_layout_speed&quot;:{&quot;unit&quot;:&quot;%&quot;,&quot;size&quot;:50,&quot;sizes&quot;:[]},&quot;jet_parallax_layout_type&quot;:&quot;scroll&quot;,&quot;jet_parallax_layout_z_index&quot;:&quot;&quot;,&quot;jet_parallax_layout_bg_x&quot;:50,&quot;jet_parallax_layout_bg_y&quot;:50,&quot;jet_parallax_layout_bg_size&quot;:&quot;auto&quot;,&quot;jet_parallax_layout_animation_prop&quot;:&quot;transform&quot;,&quot;jet_parallax_layout_on&quot;:[&quot;desktop&quot;,&quot;tablet&quot;],&quot;jet_parallax_layout_image_tablet&quot;:{&quot;url&quot;:&quot;&quot;,&quot;id&quot;:&quot;&quot;,&quot;size&quot;:&quot;&quot;},&quot;jet_parallax_layout_image_mobile&quot;:{&quot;url&quot;:&quot;&quot;,&quot;id&quot;:&quot;&quot;,&quot;size&quot;:&quot;&quot;},&quot;jet_parallax_layout_direction&quot;:&quot;1&quot;,&quot;jet_parallax_layout_fx_direction&quot;:null,&quot;jet_parallax_layout_bg_x_tablet&quot;:&quot;&quot;,&quot;jet_parallax_layout_bg_x_mobile&quot;:&quot;&quot;,&quot;jet_parallax_layout_bg_y_tablet&quot;:&quot;&quot;,&quot;jet_parallax_layout_bg_y_mobile&quot;:&quot;&quot;,&quot;jet_parallax_layout_bg_size_tablet&quot;:&quot;&quot;,&quot;jet_parallax_layout_bg_size_mobile&quot;:&quot;&quot;}]}\">\n\t\t\t\t\t\t<div class=\"elementor-container elementor-column-gap-wider\">\n\t\t\t\t\t<div class=\"elementor-column elementor-col-100 elementor-inner-column elementor-element elementor-element-7dc868a\" data-id=\"7dc868a\" data-element_type=\"column\" data-e-type=\"column\">\n\t\t\t<div class=\"elementor-widget-wrap\">\n\t\t\t\t\t\t\t<\/div>\n\t\t<\/div>\n\t\t\t\t\t<\/div>\n\t\t<\/section>\n\t\t\t\t<div data-dce-text-color=\"#111111\" class=\"elementor-element elementor-element-02e16db elementor-widget elementor-widget-text-editor\" data-id=\"02e16db\" data-element_type=\"widget\" data-e-type=\"widget\" data-widget_type=\"text-editor.default\">\n\t\t\t\t<div class=\"elementor-widget-container\">\n\t\t\t\t\t\t\t\t\t<p>Gyorsan \u00e9s k\u00f6nnyen elk\u00e9sz\u00edthet\u0151, fantasztikus illat\u00fa \u00e9s arom\u00e1j\u00fa desszertr\u0151l van sz\u00f3, mely ak\u00e1r a kar\u00e1csonyi men\u00fcbe is t\u00f6k\u00e9letesen beilleszthet\u0151, de b\u00e1rmelyik hideg, t\u00e9li napon l\u00e9lekmelenget\u0151 hat\u00e1sa van.<\/p><p>\u00cdme a recept (al\u00e1bb seg\u00edts\u00e9gk\u00e9ppen vide\u00f3val):<\/p><p>1 liter v\u00edzbe f\u00e9l citrom lev\u00e9t belecsavarjuk. H\u00e1rom birsalm\u00e1t f\u00e9lbev\u00e1gunk, megpucolunk, magjaikat pedig f\u00e9lretessz\u00fck. 10 percre be\u00e1ztatjuk a gy\u00fcm\u00f6lcs\u00f6ket a citromos v\u00edzbe, majd egy magasfal\u00fa serpeny\u0151be helyezz\u00fck \u0151ket. Minden f\u00e9l birsalm\u00e1ra egy k\u00e1v\u00e9scs\u00e9sz\u00e9nyi cukrot \u00f6nt\u00fcnk. 10 darab szegf\u0171szeget, egy nagy fah\u00e9jrudat \u00e9s a magokat r\u00e1sz\u00f3rjuk. Ut\u00f3bbira az\u00e9rt van sz\u00fcks\u00e9g, mert a benne l\u00e9v\u0151 pektint\u0151l lesz igaz\u00e1n sz\u00e9p, s\u0171r\u0171 \u00e1llaga a sz\u00f3sznak. \u00be poh\u00e1rnyi vizet hozz\u00e1\u00f6nt\u00fcnk, majd forr\u00e1sig k\u00f6zepes l\u00e1ngon, ut\u00e1na legalacsonyabb l\u00e1ngon p\u00e1roljuk nagyj\u00e1b\u00f3l 1 \u00f3r\u00e1n kereszt\u00fcl. Akkor k\u00e9sz, amikor a birsalma m\u00e1r puha \u00e9s narancss\u00e1rga sz\u00edne van. Ha szeretn\u00e9nk kicsit intenz\u00edvebb sz\u00edn\u0171 desszertet k\u00e9sz\u00edteni, az elej\u00e9n adjunk hozz\u00e1 n\u00e9h\u00e1ny hibiszkusz vir\u00e1got. Mikor k\u00e9sz, tegy\u00fck ki egy t\u00e1lra h\u0171lni a gy\u00fcm\u00f6lcs\u00f6ket \u00e9s \u00f6nt\u00f6zz\u00fck meg a lev\u00e9vel. T\u00e1lal\u00e1skor tegy\u00fcnk a k\u00f6zep\u00fckbe 1-1 kan\u00e1l kaymakot (s\u0171r\u0171 t\u00f6r\u00f6k tejsz\u00edn), vagy ha t\u00f6r\u00f6k boltba nem jutunk el, akkor kem\u00e9nyre vert tejsz\u00ednt \u00e9s sz\u00f3rjuk meg piszt\u00e1ci\u00e1val.<\/p><p>Igen, rendk\u00edv\u00fcl kal\u00f3riad\u00fas, de ilyen hidegben \u00e9s a kar\u00e1csony k\u00f6zeledt\u00e9vel kit \u00e9rdekelnek a kal\u00f3ri\u00e1k? \ud83d\ude42<\/p><p>J\u00f3 \u00e9tv\u00e1gyat!<\/p>\t\t\t\t\t\t\t\t<\/div>\n\t\t\t\t<\/div>\n\t\t\t\t\t<\/div>\n\t\t<\/div>\n\t\t\t\t\t<\/div>\n\t\t<\/section>\n\t\t\t\t<section class=\"elementor-section elementor-top-section elementor-element elementor-element-24401bc elementor-section-boxed elementor-section-height-default elementor-section-height-default\" data-id=\"24401bc\" data-element_type=\"section\" data-e-type=\"section\" data-settings=\"{&quot;jet_parallax_layout_list&quot;:[{&quot;jet_parallax_layout_image&quot;:{&quot;url&quot;:&quot;&quot;,&quot;id&quot;:&quot;&quot;,&quot;size&quot;:&quot;&quot;},&quot;_id&quot;:&quot;3b8b9cc&quot;,&quot;jet_parallax_layout_image_tablet&quot;:{&quot;url&quot;:&quot;&quot;,&quot;id&quot;:&quot;&quot;,&quot;size&quot;:&quot;&quot;},&quot;jet_parallax_layout_image_mobile&quot;:{&quot;url&quot;:&quot;&quot;,&quot;id&quot;:&quot;&quot;,&quot;size&quot;:&quot;&quot;},&quot;jet_parallax_layout_speed&quot;:{&quot;unit&quot;:&quot;%&quot;,&quot;size&quot;:50,&quot;sizes&quot;:[]},&quot;jet_parallax_layout_type&quot;:&quot;scroll&quot;,&quot;jet_parallax_layout_direction&quot;:&quot;1&quot;,&quot;jet_parallax_layout_fx_direction&quot;:null,&quot;jet_parallax_layout_z_index&quot;:&quot;&quot;,&quot;jet_parallax_layout_bg_x&quot;:50,&quot;jet_parallax_layout_bg_y&quot;:50,&quot;jet_parallax_layout_bg_size&quot;:&quot;auto&quot;,&quot;jet_parallax_layout_animation_prop&quot;:&quot;transform&quot;,&quot;jet_parallax_layout_on&quot;:[&quot;desktop&quot;,&quot;tablet&quot;],&quot;jet_parallax_layout_bg_x_tablet&quot;:&quot;&quot;,&quot;jet_parallax_layout_bg_x_mobile&quot;:&quot;&quot;,&quot;jet_parallax_layout_bg_y_tablet&quot;:&quot;&quot;,&quot;jet_parallax_layout_bg_y_mobile&quot;:&quot;&quot;,&quot;jet_parallax_layout_bg_size_tablet&quot;:&quot;&quot;,&quot;jet_parallax_layout_bg_size_mobile&quot;:&quot;&quot;}]}\">\n\t\t\t\t\t\t<div class=\"elementor-container elementor-column-gap-default\">\n\t\t\t\t\t<div class=\"elementor-column elementor-col-100 elementor-top-column elementor-element elementor-element-2560497\" data-id=\"2560497\" data-element_type=\"column\" data-e-type=\"column\">\n\t\t\t<div class=\"elementor-widget-wrap elementor-element-populated\">\n\t\t\t\t\t\t<div class=\"elementor-element elementor-element-e4901d1 elementor-widget elementor-widget-video\" data-id=\"e4901d1\" data-element_type=\"widget\" data-e-type=\"widget\" data-settings=\"{&quot;youtube_url&quot;:&quot;https:\\\/\\\/www.youtube.com\\\/watch?v=f_pAfiCNBy8&amp;feature=youtu.be&quot;,&quot;video_type&quot;:&quot;youtube&quot;,&quot;controls&quot;:&quot;yes&quot;}\" data-widget_type=\"video.default\">\n\t\t\t\t<div class=\"elementor-widget-container\">\n\t\t\t\t\t\t\t<div class=\"elementor-wrapper elementor-open-inline\">\n\t\t\t<div class=\"elementor-video\"><\/div>\t\t<\/div>\n\t\t\t\t\t\t<\/div>\n\t\t\t\t<\/div>\n\t\t\t\t\t<\/div>\n\t\t<\/div>\n\t\t\t\t\t<\/div>\n\t\t<\/section>\n\t\t\t\t<\/div>\n\t\t","protected":false},"excerpt":{"rendered":"<p>Egy h\u00e9ttel kar\u00e1csony el\u0151tt m\u00e1r bizony\u00e1ra mindenki \u00fcnnepi l\u00e1zban \u00e9g, \u00edrja a m\u00e9teres bev\u00e1s\u00e1rl\u00f3list\u00e1kat, r\u00f3ja a piacokat. Mik\u00f6zben v\u00e1logatunk az ezersz\u00edn\u0171 z\u00f6lds\u00e9gek \u00e9s gy\u00fcm\u00f6lcs\u00f6k k\u00f6z\u00f6tt, sajnos manaps\u00e1g els\u00e9t\u00e1lunk az egyik legsokoldal\u00fabb \u00e9s legeg\u00e9szs\u00e9gesebb gy\u00fcm\u00f6lcs, a birsalma mellett. <\/p>","protected":false},"author":1,"featured_media":1346,"comment_status":"closed","ping_status":"closed","sticky":false,"template":"","format":"standard","meta":{"_acf_changed":false,"footnotes":""},"categories":[29,27],"tags":[209,208,176,198,39,59,58,37,40,33,34,90],"class_list":["post-1344","post","type-post","status-publish","format-standard","has-post-thumbnail","hentry","category-gasztrosztorik","category-receptek","tag-ayva-tatlisi","tag-birsalma","tag-birsalma-kompot","tag-karacsony","tag-nar-gourmet","tag-torok-desszert","tag-torok-edesseg","tag-torok-etel","tag-torok-gasztro","tag-torok-gasztronomia","tag-torok-konyha","tag-torok-recept"],"acf":[],"yoast_head":"<!-- This site is optimized with the Yoast SEO plugin v27.3 - https:\/\/yoast.com\/product\/yoast-seo-wordpress\/ -->\n<title>Birsalma, a t\u00f6r\u00f6k eredet\u0171 szupergy\u00fcm\u00f6lcs\u00fcnk - Nar Gourmet<\/title>\n<meta name=\"description\" content=\"Egy h\u00e9ttel kar\u00e1csony el\u0151tt m\u00e1r bizony\u00e1ra mindenki \u00fcnnepi l\u00e1zban \u00e9g, \u00edrja a m\u00e9teres bev\u00e1s\u00e1rl\u00f3list\u00e1kat, r\u00f3ja a piacokat.\" \/>\n<meta name=\"robots\" content=\"index, follow, max-snippet:-1, max-image-preview:large, max-video-preview:-1\" \/>\n<link rel=\"canonical\" href=\"https:\/\/www.nargourmet.hu\/en\/birsalma-a-torok-eredetu-szupergyumolcsunk\/\" \/>\n<meta property=\"og:locale\" content=\"en_GB\" \/>\n<meta property=\"og:type\" content=\"article\" \/>\n<meta property=\"og:title\" content=\"T\u00f6r\u00f6k street food, ami nem d\u00f6ner\" \/>\n<meta property=\"og:description\" content=\"Ak\u00e1rmilyen gazdag is T\u00f6r\u00f6korsz\u00e1g street food v\u00e1laszt\u00e9ka, sajnos itthon ebb\u0151l mi csak a d\u00f6nerrel tal\u00e1lkozhattunk \u00e9s \u00e1ltal\u00e1ban annak sem a legjobb v\u00e1ltozat\u00e1val.. De jelentem van alternat\u00edva!\" \/>\n<meta property=\"og:url\" content=\"https:\/\/www.nargourmet.hu\/en\/birsalma-a-torok-eredetu-szupergyumolcsunk\/\" \/>\n<meta property=\"og:site_name\" content=\"Nar Gourmet\" \/>\n<meta property=\"article:published_time\" content=\"2016-12-17T15:38:53+00:00\" \/>\n<meta property=\"article:modified_time\" content=\"2020-03-19T16:24:14+00:00\" \/>\n<meta property=\"og:image\" content=\"https:\/\/www.nargourmet.hu\/wp-content\/uploads\/2018\/09\/imag5359_1.jpg\" \/>\n\t<meta property=\"og:image:width\" content=\"4096\" \/>\n\t<meta property=\"og:image:height\" content=\"2304\" \/>\n\t<meta property=\"og:image:type\" content=\"image\/jpeg\" \/>\n<meta name=\"author\" content=\"T\u00f3th \u00c1gi - Nar Gourmet\" \/>\n<meta name=\"twitter:card\" content=\"summary_large_image\" \/>\n<meta name=\"twitter:title\" content=\"T\u00f6r\u00f6k street food, ami nem d\u00f6ner\" \/>\n<meta name=\"twitter:description\" content=\"Ak\u00e1rmilyen gazdag is T\u00f6r\u00f6korsz\u00e1g street food v\u00e1laszt\u00e9ka, sajnos itthon ebb\u0151l mi csak a d\u00f6nerrel tal\u00e1lkozhattunk \u00e9s \u00e1ltal\u00e1ban annak sem a legjobb v\u00e1ltozat\u00e1val.. De jelentem van alternat\u00edva!\" \/>\n<meta name=\"twitter:image\" content=\"https:\/\/www.nargourmet.hu\/wp-content\/uploads\/2018\/09\/imag5359_1.jpg\" \/>\n<meta name=\"twitter:label1\" content=\"Written by\" \/>\n\t<meta name=\"twitter:data1\" content=\"T\u00f3th \u00c1gi - Nar Gourmet\" \/>\n\t<meta name=\"twitter:label2\" content=\"Estimated reading time\" \/>\n\t<meta name=\"twitter:data2\" content=\"5 minutes\" \/>\n<script type=\"application\/ld+json\" class=\"yoast-schema-graph\">{\"@context\":\"https:\\\/\\\/schema.org\",\"@graph\":[{\"@type\":\"Article\",\"@id\":\"https:\\\/\\\/www.nargourmet.hu\\\/birsalma-a-torok-eredetu-szupergyumolcsunk\\\/#article\",\"isPartOf\":{\"@id\":\"https:\\\/\\\/www.nargourmet.hu\\\/birsalma-a-torok-eredetu-szupergyumolcsunk\\\/\"},\"author\":{\"name\":\"T\u00f3th \u00c1gi - Nar Gourmet\",\"@id\":\"https:\\\/\\\/www.nargourmet.hu\\\/#\\\/schema\\\/person\\\/905f7779e5136c7a041785532e5b3adc\"},\"headline\":\"Birsalma, a t\u00f6r\u00f6k eredet\u0171 szupergy\u00fcm\u00f6lcs\u00fcnk\",\"datePublished\":\"2016-12-17T15:38:53+00:00\",\"dateModified\":\"2020-03-19T16:24:14+00:00\",\"mainEntityOfPage\":{\"@id\":\"https:\\\/\\\/www.nargourmet.hu\\\/birsalma-a-torok-eredetu-szupergyumolcsunk\\\/\"},\"wordCount\":939,\"image\":{\"@id\":\"https:\\\/\\\/www.nargourmet.hu\\\/birsalma-a-torok-eredetu-szupergyumolcsunk\\\/#primaryimage\"},\"thumbnailUrl\":\"https:\\\/\\\/www.nargourmet.hu\\\/wp-content\\\/uploads\\\/2020\\\/03\\\/a6454f19d6e5d72c5635d54046ac560f.jpg\",\"keywords\":[\"ayva tatlisi\",\"birsalma\",\"birsalma komp\u00f3t\",\"kar\u00e1csony\",\"nar gourmet\",\"t\u00f6r\u00f6k desszert\",\"t\u00f6r\u00f6k \u00e9dess\u00e9g\",\"t\u00f6r\u00f6k \u00e9tel\",\"t\u00f6r\u00f6k gasztro\",\"t\u00f6r\u00f6k gasztron\u00f3mia\",\"t\u00f6r\u00f6k konyha\",\"t\u00f6r\u00f6k recept\"],\"articleSection\":[\"Gasztrosztorik\",\"Receptek\"],\"inLanguage\":\"en-GB\"},{\"@type\":\"WebPage\",\"@id\":\"https:\\\/\\\/www.nargourmet.hu\\\/birsalma-a-torok-eredetu-szupergyumolcsunk\\\/\",\"url\":\"https:\\\/\\\/www.nargourmet.hu\\\/birsalma-a-torok-eredetu-szupergyumolcsunk\\\/\",\"name\":\"Birsalma, a t\u00f6r\u00f6k eredet\u0171 szupergy\u00fcm\u00f6lcs\u00fcnk - Nar Gourmet\",\"isPartOf\":{\"@id\":\"https:\\\/\\\/www.nargourmet.hu\\\/#website\"},\"primaryImageOfPage\":{\"@id\":\"https:\\\/\\\/www.nargourmet.hu\\\/birsalma-a-torok-eredetu-szupergyumolcsunk\\\/#primaryimage\"},\"image\":{\"@id\":\"https:\\\/\\\/www.nargourmet.hu\\\/birsalma-a-torok-eredetu-szupergyumolcsunk\\\/#primaryimage\"},\"thumbnailUrl\":\"https:\\\/\\\/www.nargourmet.hu\\\/wp-content\\\/uploads\\\/2020\\\/03\\\/a6454f19d6e5d72c5635d54046ac560f.jpg\",\"datePublished\":\"2016-12-17T15:38:53+00:00\",\"dateModified\":\"2020-03-19T16:24:14+00:00\",\"author\":{\"@id\":\"https:\\\/\\\/www.nargourmet.hu\\\/#\\\/schema\\\/person\\\/905f7779e5136c7a041785532e5b3adc\"},\"description\":\"Egy h\u00e9ttel kar\u00e1csony el\u0151tt m\u00e1r bizony\u00e1ra mindenki \u00fcnnepi l\u00e1zban \u00e9g, \u00edrja a m\u00e9teres bev\u00e1s\u00e1rl\u00f3list\u00e1kat, r\u00f3ja a piacokat.\",\"breadcrumb\":{\"@id\":\"https:\\\/\\\/www.nargourmet.hu\\\/birsalma-a-torok-eredetu-szupergyumolcsunk\\\/#breadcrumb\"},\"inLanguage\":\"en-GB\",\"potentialAction\":[{\"@type\":\"ReadAction\",\"target\":[\"https:\\\/\\\/www.nargourmet.hu\\\/birsalma-a-torok-eredetu-szupergyumolcsunk\\\/\"]}]},{\"@type\":\"ImageObject\",\"inLanguage\":\"en-GB\",\"@id\":\"https:\\\/\\\/www.nargourmet.hu\\\/birsalma-a-torok-eredetu-szupergyumolcsunk\\\/#primaryimage\",\"url\":\"https:\\\/\\\/www.nargourmet.hu\\\/wp-content\\\/uploads\\\/2020\\\/03\\\/a6454f19d6e5d72c5635d54046ac560f.jpg\",\"contentUrl\":\"https:\\\/\\\/www.nargourmet.hu\\\/wp-content\\\/uploads\\\/2020\\\/03\\\/a6454f19d6e5d72c5635d54046ac560f.jpg\",\"width\":1000,\"height\":525},{\"@type\":\"BreadcrumbList\",\"@id\":\"https:\\\/\\\/www.nargourmet.hu\\\/birsalma-a-torok-eredetu-szupergyumolcsunk\\\/#breadcrumb\",\"itemListElement\":[{\"@type\":\"ListItem\",\"position\":1,\"name\":\"Home\",\"item\":\"https:\\\/\\\/www.nargourmet.hu\\\/\"},{\"@type\":\"ListItem\",\"position\":2,\"name\":\"Birsalma, a t\u00f6r\u00f6k eredet\u0171 szupergy\u00fcm\u00f6lcs\u00fcnk\"}]},{\"@type\":\"WebSite\",\"@id\":\"https:\\\/\\\/www.nargourmet.hu\\\/#website\",\"url\":\"https:\\\/\\\/www.nargourmet.hu\\\/\",\"name\":\"Nar Gourmet\",\"description\":\"T\u00f6r\u00f6k gasztron\u00f3mia\",\"potentialAction\":[{\"@type\":\"SearchAction\",\"target\":{\"@type\":\"EntryPoint\",\"urlTemplate\":\"https:\\\/\\\/www.nargourmet.hu\\\/?s={search_term_string}\"},\"query-input\":{\"@type\":\"PropertyValueSpecification\",\"valueRequired\":true,\"valueName\":\"search_term_string\"}}],\"inLanguage\":\"en-GB\"},{\"@type\":\"Person\",\"@id\":\"https:\\\/\\\/www.nargourmet.hu\\\/#\\\/schema\\\/person\\\/905f7779e5136c7a041785532e5b3adc\",\"name\":\"T\u00f3th \u00c1gi - Nar Gourmet\",\"image\":{\"@type\":\"ImageObject\",\"inLanguage\":\"en-GB\",\"@id\":\"https:\\\/\\\/www.nargourmet.hu\\\/wp-content\\\/uploads\\\/2022\\\/08\\\/cropped-DSC_2049-2-96x96.jpg\",\"url\":\"https:\\\/\\\/www.nargourmet.hu\\\/wp-content\\\/uploads\\\/2022\\\/08\\\/cropped-DSC_2049-2-96x96.jpg\",\"contentUrl\":\"https:\\\/\\\/www.nargourmet.hu\\\/wp-content\\\/uploads\\\/2022\\\/08\\\/cropped-DSC_2049-2-96x96.jpg\",\"caption\":\"T\u00f3th \u00c1gi - Nar Gourmet\"},\"description\":\"T\u00f3th \u00c1gi vagyok, a Nar Gourmet m\u00e1rka alap\u00edt\u00f3ja, a t\u00f6r\u00f6k konyham\u0171v\u00e9szet szak\u00e9rt\u0151je. 2005 \u00f3ta j\u00e1rom T\u00f6r\u00f6korsz\u00e1g vid\u00e9keit, 5 \u00e9ven \u00e1t szerveztem Magyarorsz\u00e1g els\u0151 rendszeres, a t\u00f6r\u00f6k kult\u00far\u00e1t bemutat\u00f3 programsorozat\u00e1t, 2,5 \u00e9vig pedig a Yunus Emre Int\u00e9zet Budapesti T\u00f6r\u00f6k Kultur\u00e1lis K\u00f6zpont kultur\u00e1lis vezet\u0151je voltam.\",\"url\":\"https:\\\/\\\/www.nargourmet.hu\\\/en\\\/author\\\/nargourmet\\\/\"}]}<\/script>\n<!-- \/ Yoast SEO plugin. -->","yoast_head_json":{"title":"Birsalma, a t\u00f6r\u00f6k eredet\u0171 szupergy\u00fcm\u00f6lcs\u00fcnk - Nar Gourmet","description":"Egy h\u00e9ttel kar\u00e1csony el\u0151tt m\u00e1r bizony\u00e1ra mindenki \u00fcnnepi l\u00e1zban \u00e9g, \u00edrja a m\u00e9teres bev\u00e1s\u00e1rl\u00f3list\u00e1kat, r\u00f3ja a piacokat.","robots":{"index":"index","follow":"follow","max-snippet":"max-snippet:-1","max-image-preview":"max-image-preview:large","max-video-preview":"max-video-preview:-1"},"canonical":"https:\/\/www.nargourmet.hu\/en\/birsalma-a-torok-eredetu-szupergyumolcsunk\/","og_locale":"en_GB","og_type":"article","og_title":"T\u00f6r\u00f6k street food, ami nem d\u00f6ner","og_description":"Ak\u00e1rmilyen gazdag is T\u00f6r\u00f6korsz\u00e1g street food v\u00e1laszt\u00e9ka, sajnos itthon ebb\u0151l mi csak a d\u00f6nerrel tal\u00e1lkozhattunk \u00e9s \u00e1ltal\u00e1ban annak sem a legjobb v\u00e1ltozat\u00e1val.. De jelentem van alternat\u00edva!","og_url":"https:\/\/www.nargourmet.hu\/en\/birsalma-a-torok-eredetu-szupergyumolcsunk\/","og_site_name":"Nar Gourmet","article_published_time":"2016-12-17T15:38:53+00:00","article_modified_time":"2020-03-19T16:24:14+00:00","og_image":[{"width":4096,"height":2304,"url":"https:\/\/www.nargourmet.hu\/wp-content\/uploads\/2018\/09\/imag5359_1.jpg","type":"image\/jpeg"}],"author":"T\u00f3th \u00c1gi - Nar Gourmet","twitter_card":"summary_large_image","twitter_title":"T\u00f6r\u00f6k street food, ami nem d\u00f6ner","twitter_description":"Ak\u00e1rmilyen gazdag is T\u00f6r\u00f6korsz\u00e1g street food v\u00e1laszt\u00e9ka, sajnos itthon ebb\u0151l mi csak a d\u00f6nerrel tal\u00e1lkozhattunk \u00e9s \u00e1ltal\u00e1ban annak sem a legjobb v\u00e1ltozat\u00e1val.. De jelentem van alternat\u00edva!","twitter_image":"https:\/\/www.nargourmet.hu\/wp-content\/uploads\/2018\/09\/imag5359_1.jpg","twitter_misc":{"Written by":"T\u00f3th \u00c1gi - Nar Gourmet","Estimated reading time":"5 minutes"},"schema":{"@context":"https:\/\/schema.org","@graph":[{"@type":"Article","@id":"https:\/\/www.nargourmet.hu\/birsalma-a-torok-eredetu-szupergyumolcsunk\/#article","isPartOf":{"@id":"https:\/\/www.nargourmet.hu\/birsalma-a-torok-eredetu-szupergyumolcsunk\/"},"author":{"name":"T\u00f3th \u00c1gi - Nar Gourmet","@id":"https:\/\/www.nargourmet.hu\/#\/schema\/person\/905f7779e5136c7a041785532e5b3adc"},"headline":"Birsalma, a t\u00f6r\u00f6k eredet\u0171 szupergy\u00fcm\u00f6lcs\u00fcnk","datePublished":"2016-12-17T15:38:53+00:00","dateModified":"2020-03-19T16:24:14+00:00","mainEntityOfPage":{"@id":"https:\/\/www.nargourmet.hu\/birsalma-a-torok-eredetu-szupergyumolcsunk\/"},"wordCount":939,"image":{"@id":"https:\/\/www.nargourmet.hu\/birsalma-a-torok-eredetu-szupergyumolcsunk\/#primaryimage"},"thumbnailUrl":"https:\/\/www.nargourmet.hu\/wp-content\/uploads\/2020\/03\/a6454f19d6e5d72c5635d54046ac560f.jpg","keywords":["ayva tatlisi","birsalma","birsalma komp\u00f3t","kar\u00e1csony","nar gourmet","t\u00f6r\u00f6k desszert","t\u00f6r\u00f6k \u00e9dess\u00e9g","t\u00f6r\u00f6k \u00e9tel","t\u00f6r\u00f6k gasztro","t\u00f6r\u00f6k gasztron\u00f3mia","t\u00f6r\u00f6k konyha","t\u00f6r\u00f6k recept"],"articleSection":["Gasztrosztorik","Receptek"],"inLanguage":"en-GB"},{"@type":"WebPage","@id":"https:\/\/www.nargourmet.hu\/birsalma-a-torok-eredetu-szupergyumolcsunk\/","url":"https:\/\/www.nargourmet.hu\/birsalma-a-torok-eredetu-szupergyumolcsunk\/","name":"Birsalma, a t\u00f6r\u00f6k eredet\u0171 szupergy\u00fcm\u00f6lcs\u00fcnk - Nar Gourmet","isPartOf":{"@id":"https:\/\/www.nargourmet.hu\/#website"},"primaryImageOfPage":{"@id":"https:\/\/www.nargourmet.hu\/birsalma-a-torok-eredetu-szupergyumolcsunk\/#primaryimage"},"image":{"@id":"https:\/\/www.nargourmet.hu\/birsalma-a-torok-eredetu-szupergyumolcsunk\/#primaryimage"},"thumbnailUrl":"https:\/\/www.nargourmet.hu\/wp-content\/uploads\/2020\/03\/a6454f19d6e5d72c5635d54046ac560f.jpg","datePublished":"2016-12-17T15:38:53+00:00","dateModified":"2020-03-19T16:24:14+00:00","author":{"@id":"https:\/\/www.nargourmet.hu\/#\/schema\/person\/905f7779e5136c7a041785532e5b3adc"},"description":"Egy h\u00e9ttel kar\u00e1csony el\u0151tt m\u00e1r bizony\u00e1ra mindenki \u00fcnnepi l\u00e1zban \u00e9g, \u00edrja a m\u00e9teres bev\u00e1s\u00e1rl\u00f3list\u00e1kat, r\u00f3ja a piacokat.","breadcrumb":{"@id":"https:\/\/www.nargourmet.hu\/birsalma-a-torok-eredetu-szupergyumolcsunk\/#breadcrumb"},"inLanguage":"en-GB","potentialAction":[{"@type":"ReadAction","target":["https:\/\/www.nargourmet.hu\/birsalma-a-torok-eredetu-szupergyumolcsunk\/"]}]},{"@type":"ImageObject","inLanguage":"en-GB","@id":"https:\/\/www.nargourmet.hu\/birsalma-a-torok-eredetu-szupergyumolcsunk\/#primaryimage","url":"https:\/\/www.nargourmet.hu\/wp-content\/uploads\/2020\/03\/a6454f19d6e5d72c5635d54046ac560f.jpg","contentUrl":"https:\/\/www.nargourmet.hu\/wp-content\/uploads\/2020\/03\/a6454f19d6e5d72c5635d54046ac560f.jpg","width":1000,"height":525},{"@type":"BreadcrumbList","@id":"https:\/\/www.nargourmet.hu\/birsalma-a-torok-eredetu-szupergyumolcsunk\/#breadcrumb","itemListElement":[{"@type":"ListItem","position":1,"name":"Home","item":"https:\/\/www.nargourmet.hu\/"},{"@type":"ListItem","position":2,"name":"Birsalma, a t\u00f6r\u00f6k eredet\u0171 szupergy\u00fcm\u00f6lcs\u00fcnk"}]},{"@type":"WebSite","@id":"https:\/\/www.nargourmet.hu\/#website","url":"https:\/\/www.nargourmet.hu\/","name":"Nar Gourmet","description":"T\u00f6r\u00f6k gasztron\u00f3mia","potentialAction":[{"@type":"SearchAction","target":{"@type":"EntryPoint","urlTemplate":"https:\/\/www.nargourmet.hu\/?s={search_term_string}"},"query-input":{"@type":"PropertyValueSpecification","valueRequired":true,"valueName":"search_term_string"}}],"inLanguage":"en-GB"},{"@type":"Person","@id":"https:\/\/www.nargourmet.hu\/#\/schema\/person\/905f7779e5136c7a041785532e5b3adc","name":"T\u00f3th \u00c1gi - Nar Gourmet","image":{"@type":"ImageObject","inLanguage":"en-GB","@id":"https:\/\/www.nargourmet.hu\/wp-content\/uploads\/2022\/08\/cropped-DSC_2049-2-96x96.jpg","url":"https:\/\/www.nargourmet.hu\/wp-content\/uploads\/2022\/08\/cropped-DSC_2049-2-96x96.jpg","contentUrl":"https:\/\/www.nargourmet.hu\/wp-content\/uploads\/2022\/08\/cropped-DSC_2049-2-96x96.jpg","caption":"T\u00f3th \u00c1gi - Nar Gourmet"},"description":"T\u00f3th \u00c1gi vagyok, a Nar Gourmet m\u00e1rka alap\u00edt\u00f3ja, a t\u00f6r\u00f6k konyham\u0171v\u00e9szet szak\u00e9rt\u0151je. 2005 \u00f3ta j\u00e1rom T\u00f6r\u00f6korsz\u00e1g vid\u00e9keit, 5 \u00e9ven \u00e1t szerveztem Magyarorsz\u00e1g els\u0151 rendszeres, a t\u00f6r\u00f6k kult\u00far\u00e1t bemutat\u00f3 programsorozat\u00e1t, 2,5 \u00e9vig pedig a Yunus Emre Int\u00e9zet Budapesti T\u00f6r\u00f6k Kultur\u00e1lis K\u00f6zpont kultur\u00e1lis vezet\u0151je voltam.","url":"https:\/\/www.nargourmet.hu\/en\/author\/nargourmet\/"}]}},"_links":{"self":[{"href":"https:\/\/www.nargourmet.hu\/en\/wp-json\/wp\/v2\/posts\/1344","targetHints":{"allow":["GET"]}}],"collection":[{"href":"https:\/\/www.nargourmet.hu\/en\/wp-json\/wp\/v2\/posts"}],"about":[{"href":"https:\/\/www.nargourmet.hu\/en\/wp-json\/wp\/v2\/types\/post"}],"author":[{"embeddable":true,"href":"https:\/\/www.nargourmet.hu\/en\/wp-json\/wp\/v2\/users\/1"}],"replies":[{"embeddable":true,"href":"https:\/\/www.nargourmet.hu\/en\/wp-json\/wp\/v2\/comments?post=1344"}],"version-history":[{"count":2,"href":"https:\/\/www.nargourmet.hu\/en\/wp-json\/wp\/v2\/posts\/1344\/revisions"}],"predecessor-version":[{"id":1348,"href":"https:\/\/www.nargourmet.hu\/en\/wp-json\/wp\/v2\/posts\/1344\/revisions\/1348"}],"wp:featuredmedia":[{"embeddable":true,"href":"https:\/\/www.nargourmet.hu\/en\/wp-json\/wp\/v2\/media\/1346"}],"wp:attachment":[{"href":"https:\/\/www.nargourmet.hu\/en\/wp-json\/wp\/v2\/media?parent=1344"}],"wp:term":[{"taxonomy":"category","embeddable":true,"href":"https:\/\/www.nargourmet.hu\/en\/wp-json\/wp\/v2\/categories?post=1344"},{"taxonomy":"post_tag","embeddable":true,"href":"https:\/\/www.nargourmet.hu\/en\/wp-json\/wp\/v2\/tags?post=1344"}],"curies":[{"name":"wp","href":"https:\/\/api.w.org\/{rel}","templated":true}]}}