{"id":1655,"date":"2015-10-11T14:59:57","date_gmt":"2015-10-11T14:59:57","guid":{"rendered":"https:\/\/www.nargourmet.hu\/?p=1655"},"modified":"2020-03-31T15:35:17","modified_gmt":"2020-03-31T15:35:17","slug":"antepfistigi-pisztacia-pistacia-vera","status":"publish","type":"post","link":"https:\/\/www.nargourmet.hu\/en\/antepfistigi-pisztacia-pistacia-vera\/","title":{"rendered":"Antepf\u0131st\u0131\u011f\u0131, piszt\u00e1cia, pistacia vera\u2026"},"content":{"rendered":"\t\t<div data-elementor-type=\"wp-post\" data-elementor-id=\"1655\" class=\"elementor elementor-1655\" data-elementor-post-type=\"post\">\n\t\t\t\t\t\t<section class=\"elementor-section elementor-top-section elementor-element elementor-element-1662b18 elementor-section-boxed elementor-section-height-default elementor-section-height-default\" data-id=\"1662b18\" data-element_type=\"section\" data-e-type=\"section\" data-settings=\"{&quot;jet_parallax_layout_list&quot;:[{&quot;jet_parallax_layout_image&quot;:{&quot;url&quot;:&quot;&quot;,&quot;id&quot;:&quot;&quot;,&quot;size&quot;:&quot;&quot;},&quot;_id&quot;:&quot;4e324be&quot;,&quot;jet_parallax_layout_speed&quot;:{&quot;unit&quot;:&quot;%&quot;,&quot;size&quot;:50,&quot;sizes&quot;:[]},&quot;jet_parallax_layout_type&quot;:&quot;scroll&quot;,&quot;jet_parallax_layout_z_index&quot;:&quot;&quot;,&quot;jet_parallax_layout_bg_x&quot;:50,&quot;jet_parallax_layout_bg_y&quot;:50,&quot;jet_parallax_layout_bg_size&quot;:&quot;auto&quot;,&quot;jet_parallax_layout_animation_prop&quot;:&quot;transform&quot;,&quot;jet_parallax_layout_on&quot;:[&quot;desktop&quot;,&quot;tablet&quot;],&quot;jet_parallax_layout_image_tablet&quot;:{&quot;url&quot;:&quot;&quot;,&quot;id&quot;:&quot;&quot;,&quot;size&quot;:&quot;&quot;},&quot;jet_parallax_layout_image_mobile&quot;:{&quot;url&quot;:&quot;&quot;,&quot;id&quot;:&quot;&quot;,&quot;size&quot;:&quot;&quot;},&quot;jet_parallax_layout_direction&quot;:&quot;1&quot;,&quot;jet_parallax_layout_fx_direction&quot;:null,&quot;jet_parallax_layout_bg_x_tablet&quot;:&quot;&quot;,&quot;jet_parallax_layout_bg_x_mobile&quot;:&quot;&quot;,&quot;jet_parallax_layout_bg_y_tablet&quot;:&quot;&quot;,&quot;jet_parallax_layout_bg_y_mobile&quot;:&quot;&quot;,&quot;jet_parallax_layout_bg_size_tablet&quot;:&quot;&quot;,&quot;jet_parallax_layout_bg_size_mobile&quot;:&quot;&quot;}]}\">\n\t\t\t\t\t\t<div class=\"elementor-container elementor-column-gap-default\">\n\t\t\t\t\t<div class=\"elementor-column elementor-col-100 elementor-top-column elementor-element elementor-element-e0f91d4\" data-id=\"e0f91d4\" data-element_type=\"column\" data-e-type=\"column\">\n\t\t\t<div class=\"elementor-widget-wrap elementor-element-populated\">\n\t\t\t\t\t\t<div data-dce-text-color=\"#111111\" class=\"elementor-element elementor-element-10f122d elementor-widget elementor-widget-text-editor\" data-id=\"10f122d\" data-element_type=\"widget\" data-e-type=\"widget\" data-widget_type=\"text-editor.default\">\n\t\t\t\t<div class=\"elementor-widget-container\">\n\t\t\t\t\t\t\t\t\t<p>B\u00e1r az el\u0151z\u0151 blogbejegyz\u00e9st k\u00e9ne folytatnom &#8211; melyben a f\u0151 \u00e9telt\u00edpusokat mutatom be -, most m\u00e9gis teszek egy kis kit\u00e9r\u0151t, ugyanis musz\u00e1j besz\u00e1molnom a h\u00e9tv\u00e9gi \u00e9lm\u00e9nyeimr\u0151l! Az elm\u00falt h\u00e1rom napban ugyanis Gaziantep v\u00e1rosa mutatkozott be a t\u00f6r\u00f6k kultur\u00e1lis k\u00f6zpontban, \u00e9s erre a programra t\u00f6bb mester is \u00e9rkezett egyenesen T\u00f6r\u00f6korsz\u00e1gb\u00f3l.<\/p><p>Gaziantep v\u00e1rosa, mely a sz\u00edriai hat\u00e1rn\u00e1l fekszik, T\u00f6r\u00f6korsz\u00e1g egyik gasztron\u00f3miai fellegv\u00e1ra. Itt ehetj\u00fck a legjobb kebabokat, a legcsod\u00e1sabban f\u0171szerezett h\u00fas\u00e9teleket, \u00e9s nem utols\u00f3sorban minden valamireval\u00f3 baklavak\u00e9sz\u00edt\u0151 mester maga vagy felmen\u0151i is eg\u00e9szen biztos, hogy gaziantepi sz\u00e1rmaz\u00e1s\u00faak. A t\u00f6r\u00f6k \u00e9dess\u00e9gek egyik f\u0151 hozz\u00e1val\u00f3ja is err\u0151l a v\u00e1rosr\u00f3l kapta a nev\u00e9t. A piszt\u00e1cia, azaz antepf\u0131st\u0131\u011f\u0131 (antep fisztii) sz\u00f3 szerint azt jelenti, hogy antepi mogyor\u00f3. Az\u00e9rt err\u0151l a v\u00e1rosr\u00f3l nevezt\u00e9k el, mert T\u00f6r\u00f6korsz\u00e1gban itt alap\u00edtott\u00e1k az els\u0151 piszt\u00e1cia feldolgoz\u00f3 \u00fczemeket, \u00e9s innen terjesztett\u00e9k el az eg\u00e9sz orsz\u00e1gban, majd tov\u00e1bb k\u00fclf\u00f6ldre. A f\u0151 term\u0151vid\u00e9k azonban \u015eanl\u0131urfa v\u00e1ros\u00e1hoz k\u00f6thet\u0151.<\/p><p>Ahogy eml\u00edtettem, a piszt\u00e1ci\u00e1t rengeteg fajta \u00e9telhez felhaszn\u00e1lj\u00e1k, de most \u00e9n els\u0151sorban k\u00e9t \u00e9dess\u00e9get emeln\u00e9k ki, ami a v\u00e1ros helyi jellegzetess\u00e9ge.<\/p><p>Az egyik a baklava. Az a baklava, ami b\u00e1r \u00e9des, m\u00e9gsem \u00e9mely\u00edt\u0151 \u00e9s mely az itthon kaphat\u00f3 legt\u00f6bb, \u00edzetlen baklav\u00e1val szemben csod\u00e1s zamat\u00fa, hiszen m\u00e1r-m\u00e1r t\u00f6bb benne a piszt\u00e1cia, mint a t\u00e9szta. Budapestre T\u00f6r\u00f6korsz\u00e1g egyik legjobb baklavak\u00e9sz\u00edt\u0151 csal\u00e1dj\u00e1nak kiki\u00e1ltott \u00c7elebio\u011fullar\u0131 (Cselebiooullari) c\u00e9g k\u00e9pvisel\u0151i l\u00e1togattak el, \u00e9s mit ne mondjak, \u0151k val\u00f3ban megmutatt\u00e1k, mi is az igazi baklava. Ha k\u00f3stol\u00f3t nem is tudok bel\u0151le adni, de az al\u00e1bbi k\u00e9p szerintem mag\u00e1\u00e9rt besz\u00e9l.<\/p>\t\t\t\t\t\t\t\t<\/div>\n\t\t\t\t<\/div>\n\t\t\t\t\t<\/div>\n\t\t<\/div>\n\t\t\t\t\t<\/div>\n\t\t<\/section>\n\t\t\t\t<section class=\"elementor-section elementor-top-section elementor-element elementor-element-7426002 elementor-section-boxed elementor-section-height-default elementor-section-height-default\" data-id=\"7426002\" data-element_type=\"section\" data-e-type=\"section\" data-settings=\"{&quot;jet_parallax_layout_list&quot;:[{&quot;jet_parallax_layout_image&quot;:{&quot;url&quot;:&quot;&quot;,&quot;id&quot;:&quot;&quot;,&quot;size&quot;:&quot;&quot;},&quot;_id&quot;:&quot;d805189&quot;,&quot;jet_parallax_layout_image_tablet&quot;:{&quot;url&quot;:&quot;&quot;,&quot;id&quot;:&quot;&quot;,&quot;size&quot;:&quot;&quot;},&quot;jet_parallax_layout_image_mobile&quot;:{&quot;url&quot;:&quot;&quot;,&quot;id&quot;:&quot;&quot;,&quot;size&quot;:&quot;&quot;},&quot;jet_parallax_layout_speed&quot;:{&quot;unit&quot;:&quot;%&quot;,&quot;size&quot;:50,&quot;sizes&quot;:[]},&quot;jet_parallax_layout_type&quot;:&quot;scroll&quot;,&quot;jet_parallax_layout_direction&quot;:&quot;1&quot;,&quot;jet_parallax_layout_fx_direction&quot;:null,&quot;jet_parallax_layout_z_index&quot;:&quot;&quot;,&quot;jet_parallax_layout_bg_x&quot;:50,&quot;jet_parallax_layout_bg_y&quot;:50,&quot;jet_parallax_layout_bg_size&quot;:&quot;auto&quot;,&quot;jet_parallax_layout_animation_prop&quot;:&quot;transform&quot;,&quot;jet_parallax_layout_on&quot;:[&quot;desktop&quot;,&quot;tablet&quot;],&quot;jet_parallax_layout_bg_x_tablet&quot;:&quot;&quot;,&quot;jet_parallax_layout_bg_x_mobile&quot;:&quot;&quot;,&quot;jet_parallax_layout_bg_y_tablet&quot;:&quot;&quot;,&quot;jet_parallax_layout_bg_y_mobile&quot;:&quot;&quot;,&quot;jet_parallax_layout_bg_size_tablet&quot;:&quot;&quot;,&quot;jet_parallax_layout_bg_size_mobile&quot;:&quot;&quot;}]}\">\n\t\t\t\t\t\t<div class=\"elementor-container elementor-column-gap-default\">\n\t\t\t\t\t<div class=\"elementor-column elementor-col-100 elementor-top-column elementor-element elementor-element-6e46ad8\" data-id=\"6e46ad8\" data-element_type=\"column\" data-e-type=\"column\">\n\t\t\t<div class=\"elementor-widget-wrap elementor-element-populated\">\n\t\t\t\t\t\t<div data-dce-text-color=\"#000000\" class=\"elementor-element elementor-element-29ede13 elementor-widget elementor-widget-image\" data-id=\"29ede13\" data-element_type=\"widget\" data-e-type=\"widget\" data-widget_type=\"image.default\">\n\t\t\t\t<div class=\"elementor-widget-container\">\n\t\t\t\t\t\t\t\t\t\t\t\t<figure class=\"wp-caption\">\n\t\t\t\t\t\t\t\t\t\t<img fetchpriority=\"high\" decoding=\"async\" width=\"800\" height=\"600\" src=\"https:\/\/www.nargourmet.hu\/wp-content\/uploads\/2020\/03\/p1012921-1024x768.jpg\" class=\"attachment-large size-large wp-image-1656\" alt=\"\" srcset=\"https:\/\/www.nargourmet.hu\/wp-content\/uploads\/2020\/03\/p1012921-1024x768.jpg 1024w, https:\/\/www.nargourmet.hu\/wp-content\/uploads\/2020\/03\/p1012921-300x225.jpg 300w, https:\/\/www.nargourmet.hu\/wp-content\/uploads\/2020\/03\/p1012921-768x576.jpg 768w, https:\/\/www.nargourmet.hu\/wp-content\/uploads\/2020\/03\/p1012921-600x450.jpg 600w, https:\/\/www.nargourmet.hu\/wp-content\/uploads\/2020\/03\/p1012921.jpg 1920w\" sizes=\"(max-width: 800px) 100vw, 800px\" \/>\t\t\t\t\t\t\t\t\t\t\t<figcaption class=\"widget-image-caption wp-caption-text\"><\/figcaption>\n\t\t\t\t\t\t\t\t\t\t<\/figure>\n\t\t\t\t\t\t\t\t\t<\/div>\n\t\t\t\t<\/div>\n\t\t\t\t\t<\/div>\n\t\t<\/div>\n\t\t\t\t\t<\/div>\n\t\t<\/section>\n\t\t\t\t<section class=\"elementor-section elementor-top-section elementor-element elementor-element-22d1ac4 elementor-section-boxed elementor-section-height-default elementor-section-height-default\" data-id=\"22d1ac4\" data-element_type=\"section\" data-e-type=\"section\" data-settings=\"{&quot;jet_parallax_layout_list&quot;:[{&quot;jet_parallax_layout_image&quot;:{&quot;url&quot;:&quot;&quot;,&quot;id&quot;:&quot;&quot;,&quot;size&quot;:&quot;&quot;},&quot;_id&quot;:&quot;ce404a4&quot;,&quot;jet_parallax_layout_image_tablet&quot;:{&quot;url&quot;:&quot;&quot;,&quot;id&quot;:&quot;&quot;,&quot;size&quot;:&quot;&quot;},&quot;jet_parallax_layout_image_mobile&quot;:{&quot;url&quot;:&quot;&quot;,&quot;id&quot;:&quot;&quot;,&quot;size&quot;:&quot;&quot;},&quot;jet_parallax_layout_speed&quot;:{&quot;unit&quot;:&quot;%&quot;,&quot;size&quot;:50,&quot;sizes&quot;:[]},&quot;jet_parallax_layout_type&quot;:&quot;scroll&quot;,&quot;jet_parallax_layout_direction&quot;:&quot;1&quot;,&quot;jet_parallax_layout_fx_direction&quot;:null,&quot;jet_parallax_layout_z_index&quot;:&quot;&quot;,&quot;jet_parallax_layout_bg_x&quot;:50,&quot;jet_parallax_layout_bg_y&quot;:50,&quot;jet_parallax_layout_bg_size&quot;:&quot;auto&quot;,&quot;jet_parallax_layout_animation_prop&quot;:&quot;transform&quot;,&quot;jet_parallax_layout_on&quot;:[&quot;desktop&quot;,&quot;tablet&quot;],&quot;jet_parallax_layout_bg_x_tablet&quot;:&quot;&quot;,&quot;jet_parallax_layout_bg_x_mobile&quot;:&quot;&quot;,&quot;jet_parallax_layout_bg_y_tablet&quot;:&quot;&quot;,&quot;jet_parallax_layout_bg_y_mobile&quot;:&quot;&quot;,&quot;jet_parallax_layout_bg_size_tablet&quot;:&quot;&quot;,&quot;jet_parallax_layout_bg_size_mobile&quot;:&quot;&quot;}]}\">\n\t\t\t\t\t\t<div class=\"elementor-container elementor-column-gap-default\">\n\t\t\t\t\t<div class=\"elementor-column elementor-col-100 elementor-top-column elementor-element elementor-element-efda340\" data-id=\"efda340\" data-element_type=\"column\" data-e-type=\"column\">\n\t\t\t<div class=\"elementor-widget-wrap elementor-element-populated\">\n\t\t\t\t\t\t<div data-dce-text-color=\"#000000\" class=\"elementor-element elementor-element-0f03fa5 elementor-widget elementor-widget-text-editor\" data-id=\"0f03fa5\" data-element_type=\"widget\" data-e-type=\"widget\" data-widget_type=\"text-editor.default\">\n\t\t\t\t<div class=\"elementor-widget-container\">\n\t\t\t\t\t\t\t\t\t<p>A m\u00e1sik jellemz\u0151 helyi piszt\u00e1ci\u00e1s \u00e9dess\u00e9g pedig a katmer, amit j\u00f3magam is megpr\u00f3b\u00e1ltam elk\u00e9sz\u00edteni, t\u00f6bb-kevesebb sikerrel. Mehmet usta (vagyis mester), aki m\u00e1r 35 \u00e9ve ny\u00fajtja \u00e9s t\u00f6lti a katmert\u00e9szt\u00e1t, \u00e9desapj\u00e1t\u00f3l Zekeriya ust\u00e1t\u00f3l tanulta a mesters\u00e9get. C\u00e9lja, hogy az eg\u00e9sz vil\u00e1g megismerje ezt a finoms\u00e1got. Bej\u00e1rta m\u00e1r eg\u00e9sz Eur\u00f3p\u00e1t \u00e9s Amerik\u00e1t is, sz\u00e1mos gasztron\u00f3miai \u00e9s kultur\u00e1lis fesztiv\u00e1lon p\u00f6rgette a t\u00e9szt\u00e1t, m\u00e9gis meghat\u00f3 szer\u00e9nys\u00e9ggel mes\u00e9lt mesters\u00e9g\u00e9r\u0151l \u00e9s mindenkihez volt egy kedves szava, mosolya. Az al\u00e1bb l\u00e1that\u00f3 vide\u00f3n engem is a sz\u00e1rnyai al\u00e1 vett \u00e9s egy gyorstalpal\u00f3n \u00e9n is pr\u00f3b\u00e1ra tehettem magam.<\/p>\t\t\t\t\t\t\t\t<\/div>\n\t\t\t\t<\/div>\n\t\t\t\t\t<\/div>\n\t\t<\/div>\n\t\t\t\t\t<\/div>\n\t\t<\/section>\n\t\t\t\t<section class=\"elementor-section elementor-top-section elementor-element elementor-element-ef4e72e elementor-section-boxed elementor-section-height-default elementor-section-height-default\" data-id=\"ef4e72e\" data-element_type=\"section\" data-e-type=\"section\" data-settings=\"{&quot;jet_parallax_layout_list&quot;:[{&quot;jet_parallax_layout_image&quot;:{&quot;url&quot;:&quot;&quot;,&quot;id&quot;:&quot;&quot;,&quot;size&quot;:&quot;&quot;},&quot;_id&quot;:&quot;1ee7422&quot;,&quot;jet_parallax_layout_image_tablet&quot;:{&quot;url&quot;:&quot;&quot;,&quot;id&quot;:&quot;&quot;,&quot;size&quot;:&quot;&quot;},&quot;jet_parallax_layout_image_mobile&quot;:{&quot;url&quot;:&quot;&quot;,&quot;id&quot;:&quot;&quot;,&quot;size&quot;:&quot;&quot;},&quot;jet_parallax_layout_speed&quot;:{&quot;unit&quot;:&quot;%&quot;,&quot;size&quot;:50,&quot;sizes&quot;:[]},&quot;jet_parallax_layout_type&quot;:&quot;scroll&quot;,&quot;jet_parallax_layout_direction&quot;:&quot;1&quot;,&quot;jet_parallax_layout_fx_direction&quot;:null,&quot;jet_parallax_layout_z_index&quot;:&quot;&quot;,&quot;jet_parallax_layout_bg_x&quot;:50,&quot;jet_parallax_layout_bg_y&quot;:50,&quot;jet_parallax_layout_bg_size&quot;:&quot;auto&quot;,&quot;jet_parallax_layout_animation_prop&quot;:&quot;transform&quot;,&quot;jet_parallax_layout_on&quot;:[&quot;desktop&quot;,&quot;tablet&quot;],&quot;jet_parallax_layout_bg_x_tablet&quot;:&quot;&quot;,&quot;jet_parallax_layout_bg_x_mobile&quot;:&quot;&quot;,&quot;jet_parallax_layout_bg_y_tablet&quot;:&quot;&quot;,&quot;jet_parallax_layout_bg_y_mobile&quot;:&quot;&quot;,&quot;jet_parallax_layout_bg_size_tablet&quot;:&quot;&quot;,&quot;jet_parallax_layout_bg_size_mobile&quot;:&quot;&quot;}]}\">\n\t\t\t\t\t\t<div class=\"elementor-container elementor-column-gap-default\">\n\t\t\t\t\t<div class=\"elementor-column elementor-col-100 elementor-top-column elementor-element elementor-element-ec9d0c3\" data-id=\"ec9d0c3\" data-element_type=\"column\" data-e-type=\"column\">\n\t\t\t<div class=\"elementor-widget-wrap elementor-element-populated\">\n\t\t\t\t\t\t<div class=\"elementor-element elementor-element-25b9e7a elementor-widget elementor-widget-video\" data-id=\"25b9e7a\" data-element_type=\"widget\" data-e-type=\"widget\" data-settings=\"{&quot;youtube_url&quot;:&quot;https:\\\/\\\/youtu.be\\\/_g7dPsRrJ2g&quot;,&quot;video_type&quot;:&quot;youtube&quot;,&quot;controls&quot;:&quot;yes&quot;}\" data-widget_type=\"video.default\">\n\t\t\t\t<div class=\"elementor-widget-container\">\n\t\t\t\t\t\t\t<div class=\"elementor-wrapper elementor-open-inline\">\n\t\t\t<div class=\"elementor-video\"><\/div>\t\t<\/div>\n\t\t\t\t\t\t<\/div>\n\t\t\t\t<\/div>\n\t\t\t\t\t<\/div>\n\t\t<\/div>\n\t\t\t\t\t<\/div>\n\t\t<\/section>\n\t\t\t\t<section class=\"elementor-section elementor-top-section elementor-element elementor-element-a54ae4d elementor-section-boxed elementor-section-height-default elementor-section-height-default\" data-id=\"a54ae4d\" data-element_type=\"section\" data-e-type=\"section\" data-settings=\"{&quot;jet_parallax_layout_list&quot;:[{&quot;jet_parallax_layout_image&quot;:{&quot;url&quot;:&quot;&quot;,&quot;id&quot;:&quot;&quot;,&quot;size&quot;:&quot;&quot;},&quot;_id&quot;:&quot;1a36ed3&quot;,&quot;jet_parallax_layout_image_tablet&quot;:{&quot;url&quot;:&quot;&quot;,&quot;id&quot;:&quot;&quot;,&quot;size&quot;:&quot;&quot;},&quot;jet_parallax_layout_image_mobile&quot;:{&quot;url&quot;:&quot;&quot;,&quot;id&quot;:&quot;&quot;,&quot;size&quot;:&quot;&quot;},&quot;jet_parallax_layout_speed&quot;:{&quot;unit&quot;:&quot;%&quot;,&quot;size&quot;:50,&quot;sizes&quot;:[]},&quot;jet_parallax_layout_type&quot;:&quot;scroll&quot;,&quot;jet_parallax_layout_direction&quot;:&quot;1&quot;,&quot;jet_parallax_layout_fx_direction&quot;:null,&quot;jet_parallax_layout_z_index&quot;:&quot;&quot;,&quot;jet_parallax_layout_bg_x&quot;:50,&quot;jet_parallax_layout_bg_y&quot;:50,&quot;jet_parallax_layout_bg_size&quot;:&quot;auto&quot;,&quot;jet_parallax_layout_animation_prop&quot;:&quot;transform&quot;,&quot;jet_parallax_layout_on&quot;:[&quot;desktop&quot;,&quot;tablet&quot;],&quot;jet_parallax_layout_bg_x_tablet&quot;:&quot;&quot;,&quot;jet_parallax_layout_bg_x_mobile&quot;:&quot;&quot;,&quot;jet_parallax_layout_bg_y_tablet&quot;:&quot;&quot;,&quot;jet_parallax_layout_bg_y_mobile&quot;:&quot;&quot;,&quot;jet_parallax_layout_bg_size_tablet&quot;:&quot;&quot;,&quot;jet_parallax_layout_bg_size_mobile&quot;:&quot;&quot;}]}\">\n\t\t\t\t\t\t<div class=\"elementor-container elementor-column-gap-default\">\n\t\t\t\t\t<div class=\"elementor-column elementor-col-100 elementor-top-column elementor-element elementor-element-1ae39b4\" data-id=\"1ae39b4\" data-element_type=\"column\" data-e-type=\"column\">\n\t\t\t<div class=\"elementor-widget-wrap elementor-element-populated\">\n\t\t\t\t\t\t<div data-dce-text-color=\"#000000\" class=\"elementor-element elementor-element-6daee2d elementor-widget elementor-widget-text-editor\" data-id=\"6daee2d\" data-element_type=\"widget\" data-e-type=\"widget\" data-widget_type=\"text-editor.default\">\n\t\t\t\t<div class=\"elementor-widget-container\">\n\t\t\t\t\t\t\t\t\t<p>A katmer t\u00e9szt\u00e1j\u00e1hoz s\u00f3t, lisztet \u00e9s vizet kell \u00f6sszegy\u00farni, kis gomb\u00f3cokra szaggatni \u00e9s h\u0171t\u0151ben egy napon \u00e1t \u00e1llni hagyni. Ezut\u00e1n beolajozott k\u00e9zzel, olajos asztalon vagy ny\u00fajt\u00f3deszk\u00e1n, el\u0151sz\u00f6r a tenyer\u00fcnkkel kicsit ki kell lapogatni, majd ny\u00fajt\u00f3deszk\u00e1val nagyj\u00e1b\u00f3l a k\u00e9tszeres\u00e9re ny\u00fajtani. Ezut\u00e1n j\u00f6n a tr\u00fckk, ugyanis k\u00e9t k\u00e9zzel meg kell fogni a t\u00e9szt\u00e1t \u00e9s egy (sok gyakorl\u00e1st ig\u00e9nyl\u0151) k\u00f6rk\u00f6r\u00f6s mozdulattal kell felkapni \u00e9s megint leter\u00edteni, amit\u0151l mindig ny\u00falik egy kicsit. Ezt annyiszor kell megcsin\u00e1lni, hogy eg\u00e9szen pap\u00edrv\u00e9konys\u00e1g\u00fara ny\u00faljon a t\u00e9szta. Ezt k\u00f6vet\u0151en t\u00f6ltel\u00e9kk\u00e9nt Gaziantepben k\u00e9sz\u00edtett s\u0171r\u0171 tejsz\u00ednt tesznek bele (mivel itthon ilyen, szinte tejf\u00f6l s\u0171r\u0171s\u00e9g\u0171 tejsz\u00edn nincs, ez\u00e9rt hosszan f\u0151tt tejbergr\u00edzt haszn\u00e1ltunk). Erre ker\u00fcl r\u00e1 a cukor \u00e9s b\u0151s\u00e9gesen az \u0151r\u00f6lt piszt\u00e1cia. Ezut\u00e1n a t\u00e9szt\u00e1t n\u00e9gybe hajtj\u00e1k \u00e9s megs\u00fctik. Nek\u00fcnk sajnos nem \u00e1llt rendelkez\u00e9s\u00fcnkre \u00e9p\u00edtett kemence, ez\u00e9rt maradt a villanys\u00fct\u0151, amiben kb 10 perc alatt k\u00e9szre s\u00fclt az \u00e9dess\u00e9g \u00e9s m\u00e9g egy kis piszt\u00e1ci\u00e1val megsz\u00f3rva azonnal fogyaszthat\u00f3 is volt! Mennyei!!!<\/p><p>B\u00e1r m\u00e9g az els\u0151, \u00e1ltalam szervezett gasztro t\u00far\u00e1n t\u00fal sem vagyok, arra m\u00e1r \u00edg\u00e9retet tettem, hogy egy hasonl\u00f3 tematikus utat eg\u00e9sz biztosan szervezek Gaziantepbe a k\u00f6zelj\u00f6v\u0151ben, nagy sajn\u00e1latomra az utaz\u00e1si irod\u00e1k aj\u00e1nlataib\u00f3l kimarad ez a rendk\u00edv\u00fcl gazdag kultur\u00e1lis \u00f6r\u00f6ks\u00e9ggel rendelkez\u0151 v\u00e1ros. Mi sem lehetne erre jobb alkalom, mint a legk\u00f6zelebb j\u00f6v\u0151 \u00e9v szeptember\u00e9ben megrendez\u00e9sre ker\u00fcl\u0151 piszt\u00e1cia fesztiv\u00e1l! A mesterek t\u00e1rt karokkal v\u00e1rnak minket, m\u00e1r csak egy rep\u00fcl\u0151jegy hi\u00e1nyzik \u00e9s b\u00e1r lehet, hogy p\u00e1r kil\u00f3val nehezebben, m\u00e9gis sz\u00e9les mosollyal t\u00e9r\u00fcnk majd haza!<\/p>\t\t\t\t\t\t\t\t<\/div>\n\t\t\t\t<\/div>\n\t\t\t\t\t<\/div>\n\t\t<\/div>\n\t\t\t\t\t<\/div>\n\t\t<\/section>\n\t\t\t\t<\/div>\n\t\t","protected":false},"excerpt":{"rendered":"<p>B\u00e1r az el\u0151z\u0151 blogbejegyz\u00e9st k\u00e9ne folytatnom &#8211; melyben a f\u0151 \u00e9telt\u00edpusokat mutatom be -, most m\u00e9gis teszek egy kis kit\u00e9r\u0151t, ugyanis musz\u00e1j besz\u00e1molnom a h\u00e9tv\u00e9gi \u00e9lm\u00e9nyeimr\u0151l!<\/p>","protected":false},"author":1,"featured_media":1656,"comment_status":"closed","ping_status":"closed","sticky":false,"template":"","format":"standard","meta":{"_acf_changed":false,"footnotes":""},"categories":[29],"tags":[41,305,60,39,467,37,40,33],"class_list":["post-1655","post","type-post","status-publish","format-standard","has-post-thumbnail","hentry","category-gasztrosztorik","tag-gasztrosztori","tag-gaziantep","tag-katmer","tag-nar-gourmet","tag-pisztacia","tag-torok-etel","tag-torok-gasztro","tag-torok-gasztronomia"],"acf":[],"yoast_head":"<!-- This site is optimized with the Yoast SEO plugin v27.3 - https:\/\/yoast.com\/product\/yoast-seo-wordpress\/ -->\n<title>Antepf\u0131st\u0131\u011f\u0131, piszt\u00e1cia, pistacia vera\u2026 - Nar Gourmet<\/title>\n<meta name=\"description\" content=\"B\u00e1r az el\u0151z\u0151 blogbejegyz\u00e9st k\u00e9ne folytatnom - melyben a f\u0151 \u00e9telt\u00edpusokat mutatom be -, most m\u00e9gis teszek egy kis kit\u00e9r\u0151t, ugyanis musz\u00e1j besz\u00e1molnom a h\u00e9tv\u00e9gi \u00e9lm\u00e9nyeimr\u0151l!\" \/>\n<meta name=\"robots\" content=\"index, follow, max-snippet:-1, max-image-preview:large, max-video-preview:-1\" \/>\n<link rel=\"canonical\" href=\"https:\/\/www.nargourmet.hu\/en\/antepfistigi-pisztacia-pistacia-vera\/\" \/>\n<meta property=\"og:locale\" content=\"en_GB\" \/>\n<meta property=\"og:type\" content=\"article\" \/>\n<meta property=\"og:title\" content=\"T\u00f6r\u00f6k street food, ami nem d\u00f6ner\" \/>\n<meta property=\"og:description\" content=\"Ak\u00e1rmilyen gazdag is T\u00f6r\u00f6korsz\u00e1g street food v\u00e1laszt\u00e9ka, sajnos itthon ebb\u0151l mi csak a d\u00f6nerrel tal\u00e1lkozhattunk \u00e9s \u00e1ltal\u00e1ban annak sem a legjobb v\u00e1ltozat\u00e1val.. De jelentem van alternat\u00edva!\" \/>\n<meta property=\"og:url\" content=\"https:\/\/www.nargourmet.hu\/en\/antepfistigi-pisztacia-pistacia-vera\/\" \/>\n<meta property=\"og:site_name\" content=\"Nar Gourmet\" \/>\n<meta property=\"article:published_time\" content=\"2015-10-11T14:59:57+00:00\" \/>\n<meta property=\"article:modified_time\" content=\"2020-03-31T15:35:17+00:00\" \/>\n<meta property=\"og:image\" content=\"https:\/\/www.nargourmet.hu\/wp-content\/uploads\/2018\/09\/imag5359_1.jpg\" \/>\n\t<meta property=\"og:image:width\" content=\"4096\" \/>\n\t<meta property=\"og:image:height\" content=\"2304\" \/>\n\t<meta property=\"og:image:type\" content=\"image\/jpeg\" \/>\n<meta name=\"author\" content=\"T\u00f3th \u00c1gi - Nar Gourmet\" \/>\n<meta name=\"twitter:card\" content=\"summary_large_image\" \/>\n<meta name=\"twitter:title\" content=\"T\u00f6r\u00f6k street food, ami nem d\u00f6ner\" \/>\n<meta name=\"twitter:description\" content=\"Ak\u00e1rmilyen gazdag is T\u00f6r\u00f6korsz\u00e1g street food v\u00e1laszt\u00e9ka, sajnos itthon ebb\u0151l mi csak a d\u00f6nerrel tal\u00e1lkozhattunk \u00e9s \u00e1ltal\u00e1ban annak sem a legjobb v\u00e1ltozat\u00e1val.. De jelentem van alternat\u00edva!\" \/>\n<meta name=\"twitter:image\" content=\"https:\/\/www.nargourmet.hu\/wp-content\/uploads\/2018\/09\/imag5359_1.jpg\" \/>\n<meta name=\"twitter:label1\" content=\"Written by\" \/>\n\t<meta name=\"twitter:data1\" content=\"T\u00f3th \u00c1gi - Nar Gourmet\" \/>\n\t<meta name=\"twitter:label2\" content=\"Estimated reading time\" \/>\n\t<meta name=\"twitter:data2\" content=\"4 minutes\" \/>\n<script type=\"application\/ld+json\" class=\"yoast-schema-graph\">{\"@context\":\"https:\\\/\\\/schema.org\",\"@graph\":[{\"@type\":\"Article\",\"@id\":\"https:\\\/\\\/www.nargourmet.hu\\\/antepfistigi-pisztacia-pistacia-vera\\\/#article\",\"isPartOf\":{\"@id\":\"https:\\\/\\\/www.nargourmet.hu\\\/antepfistigi-pisztacia-pistacia-vera\\\/\"},\"author\":{\"name\":\"T\u00f3th \u00c1gi - Nar Gourmet\",\"@id\":\"https:\\\/\\\/www.nargourmet.hu\\\/#\\\/schema\\\/person\\\/905f7779e5136c7a041785532e5b3adc\"},\"headline\":\"Antepf\u0131st\u0131\u011f\u0131, piszt\u00e1cia, pistacia vera\u2026\",\"datePublished\":\"2015-10-11T14:59:57+00:00\",\"dateModified\":\"2020-03-31T15:35:17+00:00\",\"mainEntityOfPage\":{\"@id\":\"https:\\\/\\\/www.nargourmet.hu\\\/antepfistigi-pisztacia-pistacia-vera\\\/\"},\"wordCount\":870,\"image\":{\"@id\":\"https:\\\/\\\/www.nargourmet.hu\\\/antepfistigi-pisztacia-pistacia-vera\\\/#primaryimage\"},\"thumbnailUrl\":\"https:\\\/\\\/www.nargourmet.hu\\\/wp-content\\\/uploads\\\/2020\\\/03\\\/p1012921.jpg\",\"keywords\":[\"gasztrosztori\",\"Gaziantep\",\"katmer\",\"nar gourmet\",\"piszt\u00e1cia\",\"t\u00f6r\u00f6k \u00e9tel\",\"t\u00f6r\u00f6k gasztro\",\"t\u00f6r\u00f6k gasztron\u00f3mia\"],\"articleSection\":[\"Gasztrosztorik\"],\"inLanguage\":\"en-GB\"},{\"@type\":\"WebPage\",\"@id\":\"https:\\\/\\\/www.nargourmet.hu\\\/antepfistigi-pisztacia-pistacia-vera\\\/\",\"url\":\"https:\\\/\\\/www.nargourmet.hu\\\/antepfistigi-pisztacia-pistacia-vera\\\/\",\"name\":\"Antepf\u0131st\u0131\u011f\u0131, piszt\u00e1cia, pistacia vera\u2026 - Nar Gourmet\",\"isPartOf\":{\"@id\":\"https:\\\/\\\/www.nargourmet.hu\\\/#website\"},\"primaryImageOfPage\":{\"@id\":\"https:\\\/\\\/www.nargourmet.hu\\\/antepfistigi-pisztacia-pistacia-vera\\\/#primaryimage\"},\"image\":{\"@id\":\"https:\\\/\\\/www.nargourmet.hu\\\/antepfistigi-pisztacia-pistacia-vera\\\/#primaryimage\"},\"thumbnailUrl\":\"https:\\\/\\\/www.nargourmet.hu\\\/wp-content\\\/uploads\\\/2020\\\/03\\\/p1012921.jpg\",\"datePublished\":\"2015-10-11T14:59:57+00:00\",\"dateModified\":\"2020-03-31T15:35:17+00:00\",\"author\":{\"@id\":\"https:\\\/\\\/www.nargourmet.hu\\\/#\\\/schema\\\/person\\\/905f7779e5136c7a041785532e5b3adc\"},\"description\":\"B\u00e1r az el\u0151z\u0151 blogbejegyz\u00e9st k\u00e9ne folytatnom - melyben a f\u0151 \u00e9telt\u00edpusokat mutatom be -, most m\u00e9gis teszek egy kis kit\u00e9r\u0151t, ugyanis musz\u00e1j besz\u00e1molnom a h\u00e9tv\u00e9gi \u00e9lm\u00e9nyeimr\u0151l!\",\"breadcrumb\":{\"@id\":\"https:\\\/\\\/www.nargourmet.hu\\\/antepfistigi-pisztacia-pistacia-vera\\\/#breadcrumb\"},\"inLanguage\":\"en-GB\",\"potentialAction\":[{\"@type\":\"ReadAction\",\"target\":[\"https:\\\/\\\/www.nargourmet.hu\\\/antepfistigi-pisztacia-pistacia-vera\\\/\"]}]},{\"@type\":\"ImageObject\",\"inLanguage\":\"en-GB\",\"@id\":\"https:\\\/\\\/www.nargourmet.hu\\\/antepfistigi-pisztacia-pistacia-vera\\\/#primaryimage\",\"url\":\"https:\\\/\\\/www.nargourmet.hu\\\/wp-content\\\/uploads\\\/2020\\\/03\\\/p1012921.jpg\",\"contentUrl\":\"https:\\\/\\\/www.nargourmet.hu\\\/wp-content\\\/uploads\\\/2020\\\/03\\\/p1012921.jpg\",\"width\":1920,\"height\":1440,\"caption\":\"OLYMPUS DIGITAL CAMERA\"},{\"@type\":\"BreadcrumbList\",\"@id\":\"https:\\\/\\\/www.nargourmet.hu\\\/antepfistigi-pisztacia-pistacia-vera\\\/#breadcrumb\",\"itemListElement\":[{\"@type\":\"ListItem\",\"position\":1,\"name\":\"Home\",\"item\":\"https:\\\/\\\/www.nargourmet.hu\\\/\"},{\"@type\":\"ListItem\",\"position\":2,\"name\":\"Antepf\u0131st\u0131\u011f\u0131, piszt\u00e1cia, pistacia vera\u2026\"}]},{\"@type\":\"WebSite\",\"@id\":\"https:\\\/\\\/www.nargourmet.hu\\\/#website\",\"url\":\"https:\\\/\\\/www.nargourmet.hu\\\/\",\"name\":\"Nar Gourmet\",\"description\":\"T\u00f6r\u00f6k gasztron\u00f3mia\",\"potentialAction\":[{\"@type\":\"SearchAction\",\"target\":{\"@type\":\"EntryPoint\",\"urlTemplate\":\"https:\\\/\\\/www.nargourmet.hu\\\/?s={search_term_string}\"},\"query-input\":{\"@type\":\"PropertyValueSpecification\",\"valueRequired\":true,\"valueName\":\"search_term_string\"}}],\"inLanguage\":\"en-GB\"},{\"@type\":\"Person\",\"@id\":\"https:\\\/\\\/www.nargourmet.hu\\\/#\\\/schema\\\/person\\\/905f7779e5136c7a041785532e5b3adc\",\"name\":\"T\u00f3th \u00c1gi - Nar Gourmet\",\"image\":{\"@type\":\"ImageObject\",\"inLanguage\":\"en-GB\",\"@id\":\"https:\\\/\\\/www.nargourmet.hu\\\/wp-content\\\/uploads\\\/2022\\\/08\\\/cropped-DSC_2049-2-96x96.jpg\",\"url\":\"https:\\\/\\\/www.nargourmet.hu\\\/wp-content\\\/uploads\\\/2022\\\/08\\\/cropped-DSC_2049-2-96x96.jpg\",\"contentUrl\":\"https:\\\/\\\/www.nargourmet.hu\\\/wp-content\\\/uploads\\\/2022\\\/08\\\/cropped-DSC_2049-2-96x96.jpg\",\"caption\":\"T\u00f3th \u00c1gi - Nar Gourmet\"},\"description\":\"T\u00f3th \u00c1gi vagyok, a Nar Gourmet m\u00e1rka alap\u00edt\u00f3ja, a t\u00f6r\u00f6k konyham\u0171v\u00e9szet szak\u00e9rt\u0151je. 2005 \u00f3ta j\u00e1rom T\u00f6r\u00f6korsz\u00e1g vid\u00e9keit, 5 \u00e9ven \u00e1t szerveztem Magyarorsz\u00e1g els\u0151 rendszeres, a t\u00f6r\u00f6k kult\u00far\u00e1t bemutat\u00f3 programsorozat\u00e1t, 2,5 \u00e9vig pedig a Yunus Emre Int\u00e9zet Budapesti T\u00f6r\u00f6k Kultur\u00e1lis K\u00f6zpont kultur\u00e1lis vezet\u0151je voltam.\",\"url\":\"https:\\\/\\\/www.nargourmet.hu\\\/en\\\/author\\\/nargourmet\\\/\"}]}<\/script>\n<!-- \/ Yoast SEO plugin. -->","yoast_head_json":{"title":"Antepf\u0131st\u0131\u011f\u0131, piszt\u00e1cia, pistacia vera\u2026 - Nar Gourmet","description":"B\u00e1r az el\u0151z\u0151 blogbejegyz\u00e9st k\u00e9ne folytatnom - melyben a f\u0151 \u00e9telt\u00edpusokat mutatom be -, most m\u00e9gis teszek egy kis kit\u00e9r\u0151t, ugyanis musz\u00e1j besz\u00e1molnom a h\u00e9tv\u00e9gi \u00e9lm\u00e9nyeimr\u0151l!","robots":{"index":"index","follow":"follow","max-snippet":"max-snippet:-1","max-image-preview":"max-image-preview:large","max-video-preview":"max-video-preview:-1"},"canonical":"https:\/\/www.nargourmet.hu\/en\/antepfistigi-pisztacia-pistacia-vera\/","og_locale":"en_GB","og_type":"article","og_title":"T\u00f6r\u00f6k street food, ami nem d\u00f6ner","og_description":"Ak\u00e1rmilyen gazdag is T\u00f6r\u00f6korsz\u00e1g street food v\u00e1laszt\u00e9ka, sajnos itthon ebb\u0151l mi csak a d\u00f6nerrel tal\u00e1lkozhattunk \u00e9s \u00e1ltal\u00e1ban annak sem a legjobb v\u00e1ltozat\u00e1val.. De jelentem van alternat\u00edva!","og_url":"https:\/\/www.nargourmet.hu\/en\/antepfistigi-pisztacia-pistacia-vera\/","og_site_name":"Nar Gourmet","article_published_time":"2015-10-11T14:59:57+00:00","article_modified_time":"2020-03-31T15:35:17+00:00","og_image":[{"width":4096,"height":2304,"url":"https:\/\/www.nargourmet.hu\/wp-content\/uploads\/2018\/09\/imag5359_1.jpg","type":"image\/jpeg"}],"author":"T\u00f3th \u00c1gi - Nar Gourmet","twitter_card":"summary_large_image","twitter_title":"T\u00f6r\u00f6k street food, ami nem d\u00f6ner","twitter_description":"Ak\u00e1rmilyen gazdag is T\u00f6r\u00f6korsz\u00e1g street food v\u00e1laszt\u00e9ka, sajnos itthon ebb\u0151l mi csak a d\u00f6nerrel tal\u00e1lkozhattunk \u00e9s \u00e1ltal\u00e1ban annak sem a legjobb v\u00e1ltozat\u00e1val.. De jelentem van alternat\u00edva!","twitter_image":"https:\/\/www.nargourmet.hu\/wp-content\/uploads\/2018\/09\/imag5359_1.jpg","twitter_misc":{"Written by":"T\u00f3th \u00c1gi - Nar Gourmet","Estimated reading time":"4 minutes"},"schema":{"@context":"https:\/\/schema.org","@graph":[{"@type":"Article","@id":"https:\/\/www.nargourmet.hu\/antepfistigi-pisztacia-pistacia-vera\/#article","isPartOf":{"@id":"https:\/\/www.nargourmet.hu\/antepfistigi-pisztacia-pistacia-vera\/"},"author":{"name":"T\u00f3th \u00c1gi - Nar Gourmet","@id":"https:\/\/www.nargourmet.hu\/#\/schema\/person\/905f7779e5136c7a041785532e5b3adc"},"headline":"Antepf\u0131st\u0131\u011f\u0131, piszt\u00e1cia, pistacia vera\u2026","datePublished":"2015-10-11T14:59:57+00:00","dateModified":"2020-03-31T15:35:17+00:00","mainEntityOfPage":{"@id":"https:\/\/www.nargourmet.hu\/antepfistigi-pisztacia-pistacia-vera\/"},"wordCount":870,"image":{"@id":"https:\/\/www.nargourmet.hu\/antepfistigi-pisztacia-pistacia-vera\/#primaryimage"},"thumbnailUrl":"https:\/\/www.nargourmet.hu\/wp-content\/uploads\/2020\/03\/p1012921.jpg","keywords":["gasztrosztori","Gaziantep","katmer","nar gourmet","piszt\u00e1cia","t\u00f6r\u00f6k \u00e9tel","t\u00f6r\u00f6k gasztro","t\u00f6r\u00f6k gasztron\u00f3mia"],"articleSection":["Gasztrosztorik"],"inLanguage":"en-GB"},{"@type":"WebPage","@id":"https:\/\/www.nargourmet.hu\/antepfistigi-pisztacia-pistacia-vera\/","url":"https:\/\/www.nargourmet.hu\/antepfistigi-pisztacia-pistacia-vera\/","name":"Antepf\u0131st\u0131\u011f\u0131, piszt\u00e1cia, pistacia vera\u2026 - Nar Gourmet","isPartOf":{"@id":"https:\/\/www.nargourmet.hu\/#website"},"primaryImageOfPage":{"@id":"https:\/\/www.nargourmet.hu\/antepfistigi-pisztacia-pistacia-vera\/#primaryimage"},"image":{"@id":"https:\/\/www.nargourmet.hu\/antepfistigi-pisztacia-pistacia-vera\/#primaryimage"},"thumbnailUrl":"https:\/\/www.nargourmet.hu\/wp-content\/uploads\/2020\/03\/p1012921.jpg","datePublished":"2015-10-11T14:59:57+00:00","dateModified":"2020-03-31T15:35:17+00:00","author":{"@id":"https:\/\/www.nargourmet.hu\/#\/schema\/person\/905f7779e5136c7a041785532e5b3adc"},"description":"B\u00e1r az el\u0151z\u0151 blogbejegyz\u00e9st k\u00e9ne folytatnom - melyben a f\u0151 \u00e9telt\u00edpusokat mutatom be -, most m\u00e9gis teszek egy kis kit\u00e9r\u0151t, ugyanis musz\u00e1j besz\u00e1molnom a h\u00e9tv\u00e9gi \u00e9lm\u00e9nyeimr\u0151l!","breadcrumb":{"@id":"https:\/\/www.nargourmet.hu\/antepfistigi-pisztacia-pistacia-vera\/#breadcrumb"},"inLanguage":"en-GB","potentialAction":[{"@type":"ReadAction","target":["https:\/\/www.nargourmet.hu\/antepfistigi-pisztacia-pistacia-vera\/"]}]},{"@type":"ImageObject","inLanguage":"en-GB","@id":"https:\/\/www.nargourmet.hu\/antepfistigi-pisztacia-pistacia-vera\/#primaryimage","url":"https:\/\/www.nargourmet.hu\/wp-content\/uploads\/2020\/03\/p1012921.jpg","contentUrl":"https:\/\/www.nargourmet.hu\/wp-content\/uploads\/2020\/03\/p1012921.jpg","width":1920,"height":1440,"caption":"OLYMPUS DIGITAL CAMERA"},{"@type":"BreadcrumbList","@id":"https:\/\/www.nargourmet.hu\/antepfistigi-pisztacia-pistacia-vera\/#breadcrumb","itemListElement":[{"@type":"ListItem","position":1,"name":"Home","item":"https:\/\/www.nargourmet.hu\/"},{"@type":"ListItem","position":2,"name":"Antepf\u0131st\u0131\u011f\u0131, piszt\u00e1cia, pistacia vera\u2026"}]},{"@type":"WebSite","@id":"https:\/\/www.nargourmet.hu\/#website","url":"https:\/\/www.nargourmet.hu\/","name":"Nar Gourmet","description":"T\u00f6r\u00f6k gasztron\u00f3mia","potentialAction":[{"@type":"SearchAction","target":{"@type":"EntryPoint","urlTemplate":"https:\/\/www.nargourmet.hu\/?s={search_term_string}"},"query-input":{"@type":"PropertyValueSpecification","valueRequired":true,"valueName":"search_term_string"}}],"inLanguage":"en-GB"},{"@type":"Person","@id":"https:\/\/www.nargourmet.hu\/#\/schema\/person\/905f7779e5136c7a041785532e5b3adc","name":"T\u00f3th \u00c1gi - Nar Gourmet","image":{"@type":"ImageObject","inLanguage":"en-GB","@id":"https:\/\/www.nargourmet.hu\/wp-content\/uploads\/2022\/08\/cropped-DSC_2049-2-96x96.jpg","url":"https:\/\/www.nargourmet.hu\/wp-content\/uploads\/2022\/08\/cropped-DSC_2049-2-96x96.jpg","contentUrl":"https:\/\/www.nargourmet.hu\/wp-content\/uploads\/2022\/08\/cropped-DSC_2049-2-96x96.jpg","caption":"T\u00f3th \u00c1gi - Nar Gourmet"},"description":"T\u00f3th \u00c1gi vagyok, a Nar Gourmet m\u00e1rka alap\u00edt\u00f3ja, a t\u00f6r\u00f6k konyham\u0171v\u00e9szet szak\u00e9rt\u0151je. 2005 \u00f3ta j\u00e1rom T\u00f6r\u00f6korsz\u00e1g vid\u00e9keit, 5 \u00e9ven \u00e1t szerveztem Magyarorsz\u00e1g els\u0151 rendszeres, a t\u00f6r\u00f6k kult\u00far\u00e1t bemutat\u00f3 programsorozat\u00e1t, 2,5 \u00e9vig pedig a Yunus Emre Int\u00e9zet Budapesti T\u00f6r\u00f6k Kultur\u00e1lis K\u00f6zpont kultur\u00e1lis vezet\u0151je voltam.","url":"https:\/\/www.nargourmet.hu\/en\/author\/nargourmet\/"}]}},"_links":{"self":[{"href":"https:\/\/www.nargourmet.hu\/en\/wp-json\/wp\/v2\/posts\/1655","targetHints":{"allow":["GET"]}}],"collection":[{"href":"https:\/\/www.nargourmet.hu\/en\/wp-json\/wp\/v2\/posts"}],"about":[{"href":"https:\/\/www.nargourmet.hu\/en\/wp-json\/wp\/v2\/types\/post"}],"author":[{"embeddable":true,"href":"https:\/\/www.nargourmet.hu\/en\/wp-json\/wp\/v2\/users\/1"}],"replies":[{"embeddable":true,"href":"https:\/\/www.nargourmet.hu\/en\/wp-json\/wp\/v2\/comments?post=1655"}],"version-history":[{"count":3,"href":"https:\/\/www.nargourmet.hu\/en\/wp-json\/wp\/v2\/posts\/1655\/revisions"}],"predecessor-version":[{"id":1659,"href":"https:\/\/www.nargourmet.hu\/en\/wp-json\/wp\/v2\/posts\/1655\/revisions\/1659"}],"wp:featuredmedia":[{"embeddable":true,"href":"https:\/\/www.nargourmet.hu\/en\/wp-json\/wp\/v2\/media\/1656"}],"wp:attachment":[{"href":"https:\/\/www.nargourmet.hu\/en\/wp-json\/wp\/v2\/media?parent=1655"}],"wp:term":[{"taxonomy":"category","embeddable":true,"href":"https:\/\/www.nargourmet.hu\/en\/wp-json\/wp\/v2\/categories?post=1655"},{"taxonomy":"post_tag","embeddable":true,"href":"https:\/\/www.nargourmet.hu\/en\/wp-json\/wp\/v2\/tags?post=1655"}],"curies":[{"name":"wp","href":"https:\/\/api.w.org\/{rel}","templated":true}]}}