{"id":1667,"date":"2015-09-23T15:42:28","date_gmt":"2015-09-23T15:42:28","guid":{"rendered":"https:\/\/www.nargourmet.hu\/?p=1667"},"modified":"2020-03-31T15:46:43","modified_gmt":"2020-03-31T15:46:43","slug":"a-kezdet","status":"publish","type":"post","link":"https:\/\/www.nargourmet.hu\/en\/a-kezdet\/","title":{"rendered":"A kezdet&#8230;"},"content":{"rendered":"\t\t<div data-elementor-type=\"wp-post\" data-elementor-id=\"1667\" class=\"elementor elementor-1667\" data-elementor-post-type=\"post\">\n\t\t\t\t\t\t<section class=\"elementor-section elementor-top-section elementor-element elementor-element-1662b18 elementor-section-boxed elementor-section-height-default elementor-section-height-default\" data-id=\"1662b18\" data-element_type=\"section\" data-e-type=\"section\" data-settings=\"{&quot;jet_parallax_layout_list&quot;:[{&quot;jet_parallax_layout_image&quot;:{&quot;url&quot;:&quot;&quot;,&quot;id&quot;:&quot;&quot;,&quot;size&quot;:&quot;&quot;},&quot;_id&quot;:&quot;4e324be&quot;,&quot;jet_parallax_layout_speed&quot;:{&quot;unit&quot;:&quot;%&quot;,&quot;size&quot;:50,&quot;sizes&quot;:[]},&quot;jet_parallax_layout_type&quot;:&quot;scroll&quot;,&quot;jet_parallax_layout_z_index&quot;:&quot;&quot;,&quot;jet_parallax_layout_bg_x&quot;:50,&quot;jet_parallax_layout_bg_y&quot;:50,&quot;jet_parallax_layout_bg_size&quot;:&quot;auto&quot;,&quot;jet_parallax_layout_animation_prop&quot;:&quot;transform&quot;,&quot;jet_parallax_layout_on&quot;:[&quot;desktop&quot;,&quot;tablet&quot;],&quot;jet_parallax_layout_image_tablet&quot;:{&quot;url&quot;:&quot;&quot;,&quot;id&quot;:&quot;&quot;,&quot;size&quot;:&quot;&quot;},&quot;jet_parallax_layout_image_mobile&quot;:{&quot;url&quot;:&quot;&quot;,&quot;id&quot;:&quot;&quot;,&quot;size&quot;:&quot;&quot;},&quot;jet_parallax_layout_direction&quot;:&quot;1&quot;,&quot;jet_parallax_layout_fx_direction&quot;:null,&quot;jet_parallax_layout_bg_x_tablet&quot;:&quot;&quot;,&quot;jet_parallax_layout_bg_x_mobile&quot;:&quot;&quot;,&quot;jet_parallax_layout_bg_y_tablet&quot;:&quot;&quot;,&quot;jet_parallax_layout_bg_y_mobile&quot;:&quot;&quot;,&quot;jet_parallax_layout_bg_size_tablet&quot;:&quot;&quot;,&quot;jet_parallax_layout_bg_size_mobile&quot;:&quot;&quot;}]}\">\n\t\t\t\t\t\t<div class=\"elementor-container elementor-column-gap-default\">\n\t\t\t\t\t<div class=\"elementor-column elementor-col-100 elementor-top-column elementor-element elementor-element-e0f91d4\" data-id=\"e0f91d4\" data-element_type=\"column\" data-e-type=\"column\">\n\t\t\t<div class=\"elementor-widget-wrap elementor-element-populated\">\n\t\t\t\t\t\t<div data-dce-text-color=\"#111111\" class=\"elementor-element elementor-element-10f122d elementor-widget elementor-widget-text-editor\" data-id=\"10f122d\" data-element_type=\"widget\" data-e-type=\"widget\" data-widget_type=\"text-editor.default\">\n\t\t\t\t<div class=\"elementor-widget-container\">\n\t\t\t\t\t\t\t\t\t<p>Mi\u00e9rt kezdek bele egy blog \u00edr\u00e1s\u00e1ba \u00e9s mi\u00e9rt \u00e9ppen a t\u00f6r\u00f6k gasztron\u00f3mi\u00e1ra esett a v\u00e1laszt\u00e1som?<\/p><p>A v\u00e1lasz nagyon egyszer\u0171!<\/p><p>Az\u00e9rt, mert a t\u00f6r\u00f6k utcai \u00e1rusokt\u00f3l vett friss narancsl\u00e9 s\u00e1rg\u00e1ja a legszebb s\u00e1rga, amit valaha l\u00e1ttam, mert a legjobb barista \u00e1ltal k\u00e9sz\u00edtett tejesk\u00e1v\u00e9n sem olyan sz\u00e9p hab, mint a frissen csapolt ayranon, mert akit megcsapott m\u00e1r az Emin\u00f6n\u00fcben, a haj\u00f3kr\u00f3l \u00e1rult friss halas szendvics illata, sosem fogja elfeledni, mert a m\u00e1r hajnalban zs\u00fafolt isztambuli utc\u00e1kon beszerzett, frissen s\u00fct\u00f6tt simit illata sz\u00e1momra a legfinomabb p\u00e9ks\u00fctem\u00e9ny-illat, mert az \u00e9letemben kipr\u00f3b\u00e1lt raviolik egyike sem volt olyan \u00edzletes, mint az a manti, amit egy kapadokyiai bar\u00e1tom k\u00e9sz\u00edtett, mert nincs m\u00e9g egy olyan \u00e9dess\u00e9g, amiben a cukorszirup \u00e9s az olvadt sajt olyan t\u00f6k\u00e9letes p\u00e1rost alkotna, mint a k\u00fcnef\u00e9ben, mert Isztambulban ettem \u00e9letem els\u0151 csirkemellb\u0151l k\u00e9sz\u00fclt \u00e9dess\u00e9g\u00e9t, mert szerintem a legmen\u0151bb gyorskaja a kumpir, mert \u00e9letemben nem l\u00e1ttam m\u00e9g olyan gy\u00f6ny\u00f6r\u0171s\u00e9gesen \u00f3ri\u00e1si s\u00fclt geszteny\u00e9ket, mint az \u0130stiklal Caddesin,mert a m\u00e9lyv\u00f6r\u00f6s t\u00f6r\u00f6k tea mindenkiben meg\u00e1ll\u00edtja egy kicsit az id\u0151t \u00e9s r\u00e1veszi, hogy ak\u00e1r \u00f3r\u00e1kon \u00e1t b\u00e1mulja az utca n\u00e9p\u00e9t egy kis l\u00f3c\u00e1r\u00f3l, mert nem sok jobb dolgot tudok elk\u00e9pzelni, mint \u00f3r\u00e1kon kereszt\u00fcl \u00fagy igaz\u00e1n t\u00f6r\u00f6k m\u00f3dra reggelizni, mert az igazi piszt\u00e1ci\u00e1s G\u00fcll\u00fco\u011flu baklav\u00e1ra nem az a helyes jelz\u0151 hogy gejl, hanem hogy isteni \u00e9s mert egy sziv\u00e1rv\u00e1nynak sem olyan gy\u00f6ny\u00f6r\u0171ek a sz\u00ednei, mint a F\u0171szer Baz\u00e1r standjain roskadoz\u00f3 ezernyi f\u0171szernek.<\/p><p>No h\u00e1t ezek\u00e9rt!<\/p><p>Meg tal\u00e1n az\u00e9rt, mert az eddig szerzett \u00e9lm\u00e9nyeimet \u00e9s m\u00e9g azt a sokat, ami r\u00e1m v\u00e1r, szeretn\u00e9m bet\u0171kk\u00e9 tenni magam \u00e9s rem\u00e9lhet\u0151leg m\u00e1sok sz\u00f3rakoztat\u00e1s\u00e1ra!<\/p><p>Nem vagyok sem profi szak\u00e1cs, sem \u00fajs\u00e1g\u00edr\u00f3, egyszer\u0171en csak rajongok a t\u00f6r\u00f6k kult\u00far\u00e1\u00e9rt \u00e9s gasztron\u00f3mi\u00e1\u00e9rt. Ne egy h\u00e9tk\u00f6znapi, recepteket bemutat\u00f3 blogra sz\u00e1m\u00edtsatok, \u00e9n t\u00f6rt\u00e9neteket szeretn\u00e9k veletek megosztani, melyek t\u00e1voli t\u00e1jakra rep\u00edtenek \u00e9s \u00edzek, sz\u00ednek, illatok kavalk\u00e1dj\u00e1t eleven\u00edtik meg a lelketekben! \u00cdgy an\u00e9lk\u00fcl, hogy el k\u00e9ne utaznotok, pontosan fogj\u00e1tok tudni, hogy fentebb milyen \u00e9telekr\u0151l besz\u00e9ltem! Azt\u00e1n ha a sors is \u00fagy akarja, tal\u00e1n egyszer mindezt a sok finoms\u00e1got egy\u00fctt fogjuk meg\u00edzlelni egy k\u00f6z\u00f6s \u00fat sor\u00e1n!<\/p><p>Velem tartotok? \ud83d\ude42<\/p>\t\t\t\t\t\t\t\t<\/div>\n\t\t\t\t<\/div>\n\t\t\t\t\t<\/div>\n\t\t<\/div>\n\t\t\t\t\t<\/div>\n\t\t<\/section>\n\t\t\t\t<\/div>\n\t\t","protected":false},"excerpt":{"rendered":"<p>Mi\u00e9rt kezdek bele egy blog \u00edr\u00e1s\u00e1ba \u00e9s mi\u00e9rt \u00e9ppen a t\u00f6r\u00f6k gasztron\u00f3mi\u00e1ra esett a v\u00e1laszt\u00e1som?<\/p>","protected":false},"author":1,"featured_media":1309,"comment_status":"closed","ping_status":"closed","sticky":false,"template":"","format":"standard","meta":{"_acf_changed":false,"footnotes":""},"categories":[29],"tags":[45,39,40,33],"class_list":["post-1667","post","type-post","status-publish","format-standard","has-post-thumbnail","hentry","category-gasztrosztorik","tag-gasztroarcok","tag-nar-gourmet","tag-torok-gasztro","tag-torok-gasztronomia"],"acf":[],"yoast_head":"<!-- This site is optimized with the Yoast SEO plugin v27.3 - https:\/\/yoast.com\/product\/yoast-seo-wordpress\/ -->\n<title>A kezdet... - Nar Gourmet<\/title>\n<meta name=\"description\" content=\"Mi\u00e9rt kezdek bele egy blog \u00edr\u00e1s\u00e1ba \u00e9s mi\u00e9rt \u00e9ppen a t\u00f6r\u00f6k gasztron\u00f3mi\u00e1ra esett a v\u00e1laszt\u00e1som?\" \/>\n<meta name=\"robots\" content=\"index, follow, max-snippet:-1, max-image-preview:large, max-video-preview:-1\" \/>\n<link rel=\"canonical\" href=\"https:\/\/www.nargourmet.hu\/en\/a-kezdet\/\" \/>\n<meta property=\"og:locale\" content=\"en_GB\" \/>\n<meta property=\"og:type\" content=\"article\" \/>\n<meta property=\"og:title\" content=\"T\u00f6r\u00f6k street food, ami nem d\u00f6ner\" \/>\n<meta property=\"og:description\" content=\"Ak\u00e1rmilyen gazdag is T\u00f6r\u00f6korsz\u00e1g street food v\u00e1laszt\u00e9ka, sajnos itthon ebb\u0151l mi csak a d\u00f6nerrel tal\u00e1lkozhattunk \u00e9s \u00e1ltal\u00e1ban annak sem a legjobb v\u00e1ltozat\u00e1val.. De jelentem van alternat\u00edva!\" \/>\n<meta property=\"og:url\" content=\"https:\/\/www.nargourmet.hu\/en\/a-kezdet\/\" \/>\n<meta property=\"og:site_name\" content=\"Nar Gourmet\" \/>\n<meta property=\"article:published_time\" content=\"2015-09-23T15:42:28+00:00\" \/>\n<meta property=\"article:modified_time\" content=\"2020-03-31T15:46:43+00:00\" \/>\n<meta property=\"og:image\" content=\"https:\/\/www.nargourmet.hu\/wp-content\/uploads\/2018\/09\/imag5359_1.jpg\" \/>\n\t<meta property=\"og:image:width\" content=\"4096\" \/>\n\t<meta property=\"og:image:height\" content=\"2304\" \/>\n\t<meta property=\"og:image:type\" content=\"image\/jpeg\" \/>\n<meta name=\"author\" content=\"T\u00f3th \u00c1gi - Nar Gourmet\" \/>\n<meta name=\"twitter:card\" content=\"summary_large_image\" \/>\n<meta name=\"twitter:title\" content=\"T\u00f6r\u00f6k street food, ami nem d\u00f6ner\" \/>\n<meta name=\"twitter:description\" content=\"Ak\u00e1rmilyen gazdag is T\u00f6r\u00f6korsz\u00e1g street food v\u00e1laszt\u00e9ka, sajnos itthon ebb\u0151l mi csak a d\u00f6nerrel tal\u00e1lkozhattunk \u00e9s \u00e1ltal\u00e1ban annak sem a legjobb v\u00e1ltozat\u00e1val.. De jelentem van alternat\u00edva!\" \/>\n<meta name=\"twitter:image\" content=\"https:\/\/www.nargourmet.hu\/wp-content\/uploads\/2018\/09\/imag5359_1.jpg\" \/>\n<meta name=\"twitter:label1\" content=\"Written by\" \/>\n\t<meta name=\"twitter:data1\" content=\"T\u00f3th \u00c1gi - Nar Gourmet\" \/>\n\t<meta name=\"twitter:label2\" content=\"Estimated reading time\" \/>\n\t<meta name=\"twitter:data2\" content=\"2 minutes\" \/>\n<script type=\"application\/ld+json\" class=\"yoast-schema-graph\">{\"@context\":\"https:\\\/\\\/schema.org\",\"@graph\":[{\"@type\":\"Article\",\"@id\":\"https:\\\/\\\/www.nargourmet.hu\\\/a-kezdet\\\/#article\",\"isPartOf\":{\"@id\":\"https:\\\/\\\/www.nargourmet.hu\\\/a-kezdet\\\/\"},\"author\":{\"name\":\"T\u00f3th \u00c1gi - Nar Gourmet\",\"@id\":\"https:\\\/\\\/www.nargourmet.hu\\\/#\\\/schema\\\/person\\\/905f7779e5136c7a041785532e5b3adc\"},\"headline\":\"A kezdet&#8230;\",\"datePublished\":\"2015-09-23T15:42:28+00:00\",\"dateModified\":\"2020-03-31T15:46:43+00:00\",\"mainEntityOfPage\":{\"@id\":\"https:\\\/\\\/www.nargourmet.hu\\\/a-kezdet\\\/\"},\"wordCount\":486,\"image\":{\"@id\":\"https:\\\/\\\/www.nargourmet.hu\\\/a-kezdet\\\/#primaryimage\"},\"thumbnailUrl\":\"https:\\\/\\\/www.nargourmet.hu\\\/wp-content\\\/uploads\\\/2017\\\/02\\\/2017-02-08-09-46-41_2.jpg\",\"keywords\":[\"gasztroarcok\",\"nar gourmet\",\"t\u00f6r\u00f6k gasztro\",\"t\u00f6r\u00f6k gasztron\u00f3mia\"],\"articleSection\":[\"Gasztrosztorik\"],\"inLanguage\":\"en-GB\"},{\"@type\":\"WebPage\",\"@id\":\"https:\\\/\\\/www.nargourmet.hu\\\/a-kezdet\\\/\",\"url\":\"https:\\\/\\\/www.nargourmet.hu\\\/a-kezdet\\\/\",\"name\":\"A kezdet... - Nar Gourmet\",\"isPartOf\":{\"@id\":\"https:\\\/\\\/www.nargourmet.hu\\\/#website\"},\"primaryImageOfPage\":{\"@id\":\"https:\\\/\\\/www.nargourmet.hu\\\/a-kezdet\\\/#primaryimage\"},\"image\":{\"@id\":\"https:\\\/\\\/www.nargourmet.hu\\\/a-kezdet\\\/#primaryimage\"},\"thumbnailUrl\":\"https:\\\/\\\/www.nargourmet.hu\\\/wp-content\\\/uploads\\\/2017\\\/02\\\/2017-02-08-09-46-41_2.jpg\",\"datePublished\":\"2015-09-23T15:42:28+00:00\",\"dateModified\":\"2020-03-31T15:46:43+00:00\",\"author\":{\"@id\":\"https:\\\/\\\/www.nargourmet.hu\\\/#\\\/schema\\\/person\\\/905f7779e5136c7a041785532e5b3adc\"},\"description\":\"Mi\u00e9rt kezdek bele egy blog \u00edr\u00e1s\u00e1ba \u00e9s mi\u00e9rt \u00e9ppen a t\u00f6r\u00f6k gasztron\u00f3mi\u00e1ra esett a v\u00e1laszt\u00e1som?\",\"breadcrumb\":{\"@id\":\"https:\\\/\\\/www.nargourmet.hu\\\/a-kezdet\\\/#breadcrumb\"},\"inLanguage\":\"en-GB\",\"potentialAction\":[{\"@type\":\"ReadAction\",\"target\":[\"https:\\\/\\\/www.nargourmet.hu\\\/a-kezdet\\\/\"]}]},{\"@type\":\"ImageObject\",\"inLanguage\":\"en-GB\",\"@id\":\"https:\\\/\\\/www.nargourmet.hu\\\/a-kezdet\\\/#primaryimage\",\"url\":\"https:\\\/\\\/www.nargourmet.hu\\\/wp-content\\\/uploads\\\/2017\\\/02\\\/2017-02-08-09-46-41_2.jpg\",\"contentUrl\":\"https:\\\/\\\/www.nargourmet.hu\\\/wp-content\\\/uploads\\\/2017\\\/02\\\/2017-02-08-09-46-41_2.jpg\",\"width\":1613,\"height\":908},{\"@type\":\"BreadcrumbList\",\"@id\":\"https:\\\/\\\/www.nargourmet.hu\\\/a-kezdet\\\/#breadcrumb\",\"itemListElement\":[{\"@type\":\"ListItem\",\"position\":1,\"name\":\"Home\",\"item\":\"https:\\\/\\\/www.nargourmet.hu\\\/\"},{\"@type\":\"ListItem\",\"position\":2,\"name\":\"A kezdet&#8230;\"}]},{\"@type\":\"WebSite\",\"@id\":\"https:\\\/\\\/www.nargourmet.hu\\\/#website\",\"url\":\"https:\\\/\\\/www.nargourmet.hu\\\/\",\"name\":\"Nar Gourmet\",\"description\":\"T\u00f6r\u00f6k gasztron\u00f3mia\",\"potentialAction\":[{\"@type\":\"SearchAction\",\"target\":{\"@type\":\"EntryPoint\",\"urlTemplate\":\"https:\\\/\\\/www.nargourmet.hu\\\/?s={search_term_string}\"},\"query-input\":{\"@type\":\"PropertyValueSpecification\",\"valueRequired\":true,\"valueName\":\"search_term_string\"}}],\"inLanguage\":\"en-GB\"},{\"@type\":\"Person\",\"@id\":\"https:\\\/\\\/www.nargourmet.hu\\\/#\\\/schema\\\/person\\\/905f7779e5136c7a041785532e5b3adc\",\"name\":\"T\u00f3th \u00c1gi - Nar Gourmet\",\"image\":{\"@type\":\"ImageObject\",\"inLanguage\":\"en-GB\",\"@id\":\"https:\\\/\\\/www.nargourmet.hu\\\/wp-content\\\/uploads\\\/2022\\\/08\\\/cropped-DSC_2049-2-96x96.jpg\",\"url\":\"https:\\\/\\\/www.nargourmet.hu\\\/wp-content\\\/uploads\\\/2022\\\/08\\\/cropped-DSC_2049-2-96x96.jpg\",\"contentUrl\":\"https:\\\/\\\/www.nargourmet.hu\\\/wp-content\\\/uploads\\\/2022\\\/08\\\/cropped-DSC_2049-2-96x96.jpg\",\"caption\":\"T\u00f3th \u00c1gi - Nar Gourmet\"},\"description\":\"T\u00f3th \u00c1gi vagyok, a Nar Gourmet m\u00e1rka alap\u00edt\u00f3ja, a t\u00f6r\u00f6k konyham\u0171v\u00e9szet szak\u00e9rt\u0151je. 2005 \u00f3ta j\u00e1rom T\u00f6r\u00f6korsz\u00e1g vid\u00e9keit, 5 \u00e9ven \u00e1t szerveztem Magyarorsz\u00e1g els\u0151 rendszeres, a t\u00f6r\u00f6k kult\u00far\u00e1t bemutat\u00f3 programsorozat\u00e1t, 2,5 \u00e9vig pedig a Yunus Emre Int\u00e9zet Budapesti T\u00f6r\u00f6k Kultur\u00e1lis K\u00f6zpont kultur\u00e1lis vezet\u0151je voltam.\",\"url\":\"https:\\\/\\\/www.nargourmet.hu\\\/en\\\/author\\\/nargourmet\\\/\"}]}<\/script>\n<!-- \/ Yoast SEO plugin. -->","yoast_head_json":{"title":"A kezdet... - Nar Gourmet","description":"Mi\u00e9rt kezdek bele egy blog \u00edr\u00e1s\u00e1ba \u00e9s mi\u00e9rt \u00e9ppen a t\u00f6r\u00f6k gasztron\u00f3mi\u00e1ra esett a v\u00e1laszt\u00e1som?","robots":{"index":"index","follow":"follow","max-snippet":"max-snippet:-1","max-image-preview":"max-image-preview:large","max-video-preview":"max-video-preview:-1"},"canonical":"https:\/\/www.nargourmet.hu\/en\/a-kezdet\/","og_locale":"en_GB","og_type":"article","og_title":"T\u00f6r\u00f6k street food, ami nem d\u00f6ner","og_description":"Ak\u00e1rmilyen gazdag is T\u00f6r\u00f6korsz\u00e1g street food v\u00e1laszt\u00e9ka, sajnos itthon ebb\u0151l mi csak a d\u00f6nerrel tal\u00e1lkozhattunk \u00e9s \u00e1ltal\u00e1ban annak sem a legjobb v\u00e1ltozat\u00e1val.. De jelentem van alternat\u00edva!","og_url":"https:\/\/www.nargourmet.hu\/en\/a-kezdet\/","og_site_name":"Nar Gourmet","article_published_time":"2015-09-23T15:42:28+00:00","article_modified_time":"2020-03-31T15:46:43+00:00","og_image":[{"width":4096,"height":2304,"url":"https:\/\/www.nargourmet.hu\/wp-content\/uploads\/2018\/09\/imag5359_1.jpg","type":"image\/jpeg"}],"author":"T\u00f3th \u00c1gi - Nar Gourmet","twitter_card":"summary_large_image","twitter_title":"T\u00f6r\u00f6k street food, ami nem d\u00f6ner","twitter_description":"Ak\u00e1rmilyen gazdag is T\u00f6r\u00f6korsz\u00e1g street food v\u00e1laszt\u00e9ka, sajnos itthon ebb\u0151l mi csak a d\u00f6nerrel tal\u00e1lkozhattunk \u00e9s \u00e1ltal\u00e1ban annak sem a legjobb v\u00e1ltozat\u00e1val.. De jelentem van alternat\u00edva!","twitter_image":"https:\/\/www.nargourmet.hu\/wp-content\/uploads\/2018\/09\/imag5359_1.jpg","twitter_misc":{"Written by":"T\u00f3th \u00c1gi - Nar Gourmet","Estimated reading time":"2 minutes"},"schema":{"@context":"https:\/\/schema.org","@graph":[{"@type":"Article","@id":"https:\/\/www.nargourmet.hu\/a-kezdet\/#article","isPartOf":{"@id":"https:\/\/www.nargourmet.hu\/a-kezdet\/"},"author":{"name":"T\u00f3th \u00c1gi - Nar Gourmet","@id":"https:\/\/www.nargourmet.hu\/#\/schema\/person\/905f7779e5136c7a041785532e5b3adc"},"headline":"A kezdet&#8230;","datePublished":"2015-09-23T15:42:28+00:00","dateModified":"2020-03-31T15:46:43+00:00","mainEntityOfPage":{"@id":"https:\/\/www.nargourmet.hu\/a-kezdet\/"},"wordCount":486,"image":{"@id":"https:\/\/www.nargourmet.hu\/a-kezdet\/#primaryimage"},"thumbnailUrl":"https:\/\/www.nargourmet.hu\/wp-content\/uploads\/2017\/02\/2017-02-08-09-46-41_2.jpg","keywords":["gasztroarcok","nar gourmet","t\u00f6r\u00f6k gasztro","t\u00f6r\u00f6k gasztron\u00f3mia"],"articleSection":["Gasztrosztorik"],"inLanguage":"en-GB"},{"@type":"WebPage","@id":"https:\/\/www.nargourmet.hu\/a-kezdet\/","url":"https:\/\/www.nargourmet.hu\/a-kezdet\/","name":"A kezdet... - Nar Gourmet","isPartOf":{"@id":"https:\/\/www.nargourmet.hu\/#website"},"primaryImageOfPage":{"@id":"https:\/\/www.nargourmet.hu\/a-kezdet\/#primaryimage"},"image":{"@id":"https:\/\/www.nargourmet.hu\/a-kezdet\/#primaryimage"},"thumbnailUrl":"https:\/\/www.nargourmet.hu\/wp-content\/uploads\/2017\/02\/2017-02-08-09-46-41_2.jpg","datePublished":"2015-09-23T15:42:28+00:00","dateModified":"2020-03-31T15:46:43+00:00","author":{"@id":"https:\/\/www.nargourmet.hu\/#\/schema\/person\/905f7779e5136c7a041785532e5b3adc"},"description":"Mi\u00e9rt kezdek bele egy blog \u00edr\u00e1s\u00e1ba \u00e9s mi\u00e9rt \u00e9ppen a t\u00f6r\u00f6k gasztron\u00f3mi\u00e1ra esett a v\u00e1laszt\u00e1som?","breadcrumb":{"@id":"https:\/\/www.nargourmet.hu\/a-kezdet\/#breadcrumb"},"inLanguage":"en-GB","potentialAction":[{"@type":"ReadAction","target":["https:\/\/www.nargourmet.hu\/a-kezdet\/"]}]},{"@type":"ImageObject","inLanguage":"en-GB","@id":"https:\/\/www.nargourmet.hu\/a-kezdet\/#primaryimage","url":"https:\/\/www.nargourmet.hu\/wp-content\/uploads\/2017\/02\/2017-02-08-09-46-41_2.jpg","contentUrl":"https:\/\/www.nargourmet.hu\/wp-content\/uploads\/2017\/02\/2017-02-08-09-46-41_2.jpg","width":1613,"height":908},{"@type":"BreadcrumbList","@id":"https:\/\/www.nargourmet.hu\/a-kezdet\/#breadcrumb","itemListElement":[{"@type":"ListItem","position":1,"name":"Home","item":"https:\/\/www.nargourmet.hu\/"},{"@type":"ListItem","position":2,"name":"A kezdet&#8230;"}]},{"@type":"WebSite","@id":"https:\/\/www.nargourmet.hu\/#website","url":"https:\/\/www.nargourmet.hu\/","name":"Nar Gourmet","description":"T\u00f6r\u00f6k gasztron\u00f3mia","potentialAction":[{"@type":"SearchAction","target":{"@type":"EntryPoint","urlTemplate":"https:\/\/www.nargourmet.hu\/?s={search_term_string}"},"query-input":{"@type":"PropertyValueSpecification","valueRequired":true,"valueName":"search_term_string"}}],"inLanguage":"en-GB"},{"@type":"Person","@id":"https:\/\/www.nargourmet.hu\/#\/schema\/person\/905f7779e5136c7a041785532e5b3adc","name":"T\u00f3th \u00c1gi - Nar Gourmet","image":{"@type":"ImageObject","inLanguage":"en-GB","@id":"https:\/\/www.nargourmet.hu\/wp-content\/uploads\/2022\/08\/cropped-DSC_2049-2-96x96.jpg","url":"https:\/\/www.nargourmet.hu\/wp-content\/uploads\/2022\/08\/cropped-DSC_2049-2-96x96.jpg","contentUrl":"https:\/\/www.nargourmet.hu\/wp-content\/uploads\/2022\/08\/cropped-DSC_2049-2-96x96.jpg","caption":"T\u00f3th \u00c1gi - Nar Gourmet"},"description":"T\u00f3th \u00c1gi vagyok, a Nar Gourmet m\u00e1rka alap\u00edt\u00f3ja, a t\u00f6r\u00f6k konyham\u0171v\u00e9szet szak\u00e9rt\u0151je. 2005 \u00f3ta j\u00e1rom T\u00f6r\u00f6korsz\u00e1g vid\u00e9keit, 5 \u00e9ven \u00e1t szerveztem Magyarorsz\u00e1g els\u0151 rendszeres, a t\u00f6r\u00f6k kult\u00far\u00e1t bemutat\u00f3 programsorozat\u00e1t, 2,5 \u00e9vig pedig a Yunus Emre Int\u00e9zet Budapesti T\u00f6r\u00f6k Kultur\u00e1lis K\u00f6zpont kultur\u00e1lis vezet\u0151je voltam.","url":"https:\/\/www.nargourmet.hu\/en\/author\/nargourmet\/"}]}},"_links":{"self":[{"href":"https:\/\/www.nargourmet.hu\/en\/wp-json\/wp\/v2\/posts\/1667","targetHints":{"allow":["GET"]}}],"collection":[{"href":"https:\/\/www.nargourmet.hu\/en\/wp-json\/wp\/v2\/posts"}],"about":[{"href":"https:\/\/www.nargourmet.hu\/en\/wp-json\/wp\/v2\/types\/post"}],"author":[{"embeddable":true,"href":"https:\/\/www.nargourmet.hu\/en\/wp-json\/wp\/v2\/users\/1"}],"replies":[{"embeddable":true,"href":"https:\/\/www.nargourmet.hu\/en\/wp-json\/wp\/v2\/comments?post=1667"}],"version-history":[{"count":2,"href":"https:\/\/www.nargourmet.hu\/en\/wp-json\/wp\/v2\/posts\/1667\/revisions"}],"predecessor-version":[{"id":1669,"href":"https:\/\/www.nargourmet.hu\/en\/wp-json\/wp\/v2\/posts\/1667\/revisions\/1669"}],"wp:featuredmedia":[{"embeddable":true,"href":"https:\/\/www.nargourmet.hu\/en\/wp-json\/wp\/v2\/media\/1309"}],"wp:attachment":[{"href":"https:\/\/www.nargourmet.hu\/en\/wp-json\/wp\/v2\/media?parent=1667"}],"wp:term":[{"taxonomy":"category","embeddable":true,"href":"https:\/\/www.nargourmet.hu\/en\/wp-json\/wp\/v2\/categories?post=1667"},{"taxonomy":"post_tag","embeddable":true,"href":"https:\/\/www.nargourmet.hu\/en\/wp-json\/wp\/v2\/tags?post=1667"}],"curies":[{"name":"wp","href":"https:\/\/api.w.org\/{rel}","templated":true}]}}