{"id":168,"date":"2018-09-05T14:54:41","date_gmt":"2018-09-05T14:54:41","guid":{"rendered":"https:\/\/demos.artbees.net\/jupiter\/herse\/?p=168"},"modified":"2019-11-03T01:38:46","modified_gmt":"2019-11-03T01:38:46","slug":"torok-street-food-ami-nem-doner","status":"publish","type":"post","link":"https:\/\/www.nargourmet.hu\/en\/torok-street-food-ami-nem-doner\/","title":{"rendered":"T\u00f6r\u00f6k street food, ami nem d\u00f6ner &#8211; egy rejt\u0151zk\u00f6d\u0151 t\u00f6r\u00f6k b\u00fcf\u00e9 az Astori\u00e1n\u00e1l"},"content":{"rendered":"\t\t<div data-elementor-type=\"wp-post\" data-elementor-id=\"168\" class=\"elementor elementor-168\" data-elementor-post-type=\"post\">\n\t\t\t\t\t\t<section class=\"elementor-section elementor-top-section elementor-element elementor-element-1662b18 elementor-section-boxed elementor-section-height-default elementor-section-height-default\" data-id=\"1662b18\" data-element_type=\"section\" data-e-type=\"section\" data-settings=\"{&quot;jet_parallax_layout_list&quot;:[{&quot;jet_parallax_layout_image&quot;:{&quot;url&quot;:&quot;&quot;,&quot;id&quot;:&quot;&quot;,&quot;size&quot;:&quot;&quot;},&quot;_id&quot;:&quot;4e324be&quot;,&quot;jet_parallax_layout_speed&quot;:{&quot;unit&quot;:&quot;%&quot;,&quot;size&quot;:50,&quot;sizes&quot;:[]},&quot;jet_parallax_layout_type&quot;:&quot;scroll&quot;,&quot;jet_parallax_layout_z_index&quot;:&quot;&quot;,&quot;jet_parallax_layout_bg_x&quot;:50,&quot;jet_parallax_layout_bg_y&quot;:50,&quot;jet_parallax_layout_bg_size&quot;:&quot;auto&quot;,&quot;jet_parallax_layout_animation_prop&quot;:&quot;transform&quot;,&quot;jet_parallax_layout_on&quot;:[&quot;desktop&quot;,&quot;tablet&quot;],&quot;jet_parallax_layout_image_tablet&quot;:{&quot;url&quot;:&quot;&quot;,&quot;id&quot;:&quot;&quot;,&quot;size&quot;:&quot;&quot;},&quot;jet_parallax_layout_image_mobile&quot;:{&quot;url&quot;:&quot;&quot;,&quot;id&quot;:&quot;&quot;,&quot;size&quot;:&quot;&quot;},&quot;jet_parallax_layout_direction&quot;:&quot;1&quot;,&quot;jet_parallax_layout_fx_direction&quot;:null,&quot;jet_parallax_layout_bg_x_tablet&quot;:&quot;&quot;,&quot;jet_parallax_layout_bg_x_mobile&quot;:&quot;&quot;,&quot;jet_parallax_layout_bg_y_tablet&quot;:&quot;&quot;,&quot;jet_parallax_layout_bg_y_mobile&quot;:&quot;&quot;,&quot;jet_parallax_layout_bg_size_tablet&quot;:&quot;&quot;,&quot;jet_parallax_layout_bg_size_mobile&quot;:&quot;&quot;}]}\">\n\t\t\t\t\t\t<div class=\"elementor-container elementor-column-gap-default\">\n\t\t\t\t\t<div class=\"elementor-column elementor-col-100 elementor-top-column elementor-element elementor-element-e0f91d4\" data-id=\"e0f91d4\" data-element_type=\"column\" data-e-type=\"column\">\n\t\t\t<div class=\"elementor-widget-wrap elementor-element-populated\">\n\t\t\t\t\t\t<div data-dce-text-color=\"#111111\" class=\"elementor-element elementor-element-10f122d elementor-widget elementor-widget-text-editor\" data-id=\"10f122d\" data-element_type=\"widget\" data-e-type=\"widget\" data-widget_type=\"text-editor.default\">\n\t\t\t\t<div class=\"elementor-widget-container\">\n\t\t\t\t\t\t\t\t\t<p>Ak\u00e1rmilyen gazdag is T\u00f6r\u00f6korsz\u00e1g street food v\u00e1laszt\u00e9ka, sajnos itthon ebb\u0151l mi csak a d\u00f6nerrel tal\u00e1lkozhattunk \u00e9s \u00e1ltal\u00e1ban annak sem a legjobb v\u00e1ltozat\u00e1val.. De jelentem van alternat\u00edva! R\u00e9gi elmarad\u00e1somat p\u00f3toltam a minap, amikor v\u00e9gre \u00fatba ejtettem a San Da Vinci nev\u0171 szendvicsez\u0151t. Neve alapj\u00e1n sosem tal\u00e1ln\u00e1tok ki, hogy egy kis t\u00f6r\u00f6k b\u00fcf\u00e9r\u0151l van sz\u00f3 az Astoria k\u00f6zel\u00e9ben, \u00fagyhogy gyan\u00edtom, m\u00e9g a T\u00f6r\u00f6korsz\u00e1g ir\u00e1nt \u00e9rdekl\u0151d\u0151k k\u00f6z\u00fcl sem tud mindenki a l\u00e9tez\u00e9s\u00fckr\u0151l!\u00a0<\/p><p>A koncepci\u00f3 nagyon egyszer\u0171: gyorsan elk\u00e9sz\u00edthet\u0151 szendvicsek t\u00f6r\u00f6k alapanyagokb\u00f3l megfizethet\u0151 \u00e1ron!\u00a0<\/p><p>Amire \u00e9n a legk\u00edv\u00e1ncsibb voltam, az a kumru, ami a nyugat-t\u00f6r\u00f6korsz\u00e1gi Izmir v\u00e1ros\u00e1nak jellegzetes szendvicse. Kb. 150 \u00e9ve az izmiriek egyik kedvenc street foodja, egyik k\u00fcl\u00f6nlegess\u00e9ge pedig, hogy a szendvicskeny\u00e9r t\u00e9szt\u00e1ja tradicion\u00e1lisan csicseribors\u00f3-\u00e9leszt\u0151vel k\u00e9sz\u00fcl, ami miatt legal\u00e1bb 2-2.5 \u00f3r\u00e1t kell keleszteni. Ha k\u00e9sz a t\u00e9szta, cs\u00f3nak-alak\u00fara form\u00e1zz\u00e1k, majd pekmezes (sz\u0151l\u0151mustm\u00e9z) v\u00edzbe m\u00e1rtj\u00e1k, megsz\u00f3rj\u00e1k szez\u00e1mmaggal \u00e9s\u00a0250 fokos s\u00fct\u0151ben 20-25 percet s\u00fctik.\u00a0 Ma m\u00e1r nem minden b\u00fcf\u00e9s k\u00f6veti ezt az elj\u00e1r\u00e1sm\u00f3dot, vannak, akik sima feh\u00e9r kenyeret sz\u00f3rnak meg szez\u00e1mmaggal \u00e9s ebb\u0151l k\u00e9sz\u00edtik a szendvicset.\u00a0<\/p>\t\t\t\t\t\t\t\t<\/div>\n\t\t\t\t<\/div>\n\t\t\t\t<section class=\"elementor-section elementor-inner-section elementor-element elementor-element-85899ae elementor-section-boxed elementor-section-height-default elementor-section-height-default\" data-id=\"85899ae\" data-element_type=\"section\" data-e-type=\"section\" data-settings=\"{&quot;jet_parallax_layout_list&quot;:[{&quot;jet_parallax_layout_image&quot;:{&quot;url&quot;:&quot;&quot;,&quot;id&quot;:&quot;&quot;,&quot;size&quot;:&quot;&quot;},&quot;_id&quot;:&quot;cbff1cc&quot;,&quot;jet_parallax_layout_speed&quot;:{&quot;unit&quot;:&quot;%&quot;,&quot;size&quot;:50,&quot;sizes&quot;:[]},&quot;jet_parallax_layout_type&quot;:&quot;scroll&quot;,&quot;jet_parallax_layout_z_index&quot;:&quot;&quot;,&quot;jet_parallax_layout_bg_x&quot;:50,&quot;jet_parallax_layout_bg_y&quot;:50,&quot;jet_parallax_layout_bg_size&quot;:&quot;auto&quot;,&quot;jet_parallax_layout_animation_prop&quot;:&quot;transform&quot;,&quot;jet_parallax_layout_on&quot;:[&quot;desktop&quot;,&quot;tablet&quot;],&quot;jet_parallax_layout_image_tablet&quot;:{&quot;url&quot;:&quot;&quot;,&quot;id&quot;:&quot;&quot;,&quot;size&quot;:&quot;&quot;},&quot;jet_parallax_layout_image_mobile&quot;:{&quot;url&quot;:&quot;&quot;,&quot;id&quot;:&quot;&quot;,&quot;size&quot;:&quot;&quot;},&quot;jet_parallax_layout_direction&quot;:&quot;1&quot;,&quot;jet_parallax_layout_fx_direction&quot;:null,&quot;jet_parallax_layout_bg_x_tablet&quot;:&quot;&quot;,&quot;jet_parallax_layout_bg_x_mobile&quot;:&quot;&quot;,&quot;jet_parallax_layout_bg_y_tablet&quot;:&quot;&quot;,&quot;jet_parallax_layout_bg_y_mobile&quot;:&quot;&quot;,&quot;jet_parallax_layout_bg_size_tablet&quot;:&quot;&quot;,&quot;jet_parallax_layout_bg_size_mobile&quot;:&quot;&quot;}]}\">\n\t\t\t\t\t\t<div class=\"elementor-container elementor-column-gap-wider\">\n\t\t\t\t\t<div class=\"elementor-column elementor-col-50 elementor-inner-column elementor-element elementor-element-7dc868a\" data-id=\"7dc868a\" data-element_type=\"column\" data-e-type=\"column\">\n\t\t\t<div class=\"elementor-widget-wrap\">\n\t\t\t\t\t\t\t<\/div>\n\t\t<\/div>\n\t\t\t\t<div class=\"elementor-column elementor-col-50 elementor-inner-column elementor-element elementor-element-e8c49e3\" data-id=\"e8c49e3\" data-element_type=\"column\" data-e-type=\"column\">\n\t\t\t<div class=\"elementor-widget-wrap\">\n\t\t\t\t\t\t\t<\/div>\n\t\t<\/div>\n\t\t\t\t\t<\/div>\n\t\t<\/section>\n\t\t\t\t<section class=\"elementor-section elementor-inner-section elementor-element elementor-element-abd0a61 elementor-section-boxed elementor-section-height-default elementor-section-height-default\" data-id=\"abd0a61\" data-element_type=\"section\" data-e-type=\"section\" data-settings=\"{&quot;jet_parallax_layout_list&quot;:[{&quot;jet_parallax_layout_image&quot;:{&quot;url&quot;:&quot;&quot;,&quot;id&quot;:&quot;&quot;,&quot;size&quot;:&quot;&quot;},&quot;_id&quot;:&quot;cbff1cc&quot;,&quot;jet_parallax_layout_speed&quot;:{&quot;unit&quot;:&quot;%&quot;,&quot;size&quot;:50,&quot;sizes&quot;:[]},&quot;jet_parallax_layout_type&quot;:&quot;scroll&quot;,&quot;jet_parallax_layout_z_index&quot;:&quot;&quot;,&quot;jet_parallax_layout_bg_x&quot;:50,&quot;jet_parallax_layout_bg_y&quot;:50,&quot;jet_parallax_layout_bg_size&quot;:&quot;auto&quot;,&quot;jet_parallax_layout_animation_prop&quot;:&quot;transform&quot;,&quot;jet_parallax_layout_on&quot;:[&quot;desktop&quot;,&quot;tablet&quot;],&quot;jet_parallax_layout_image_tablet&quot;:{&quot;url&quot;:&quot;&quot;,&quot;id&quot;:&quot;&quot;,&quot;size&quot;:&quot;&quot;},&quot;jet_parallax_layout_image_mobile&quot;:{&quot;url&quot;:&quot;&quot;,&quot;id&quot;:&quot;&quot;,&quot;size&quot;:&quot;&quot;},&quot;jet_parallax_layout_direction&quot;:&quot;1&quot;,&quot;jet_parallax_layout_fx_direction&quot;:null,&quot;jet_parallax_layout_bg_x_tablet&quot;:&quot;&quot;,&quot;jet_parallax_layout_bg_x_mobile&quot;:&quot;&quot;,&quot;jet_parallax_layout_bg_y_tablet&quot;:&quot;&quot;,&quot;jet_parallax_layout_bg_y_mobile&quot;:&quot;&quot;,&quot;jet_parallax_layout_bg_size_tablet&quot;:&quot;&quot;,&quot;jet_parallax_layout_bg_size_mobile&quot;:&quot;&quot;}]}\">\n\t\t\t\t\t\t<div class=\"elementor-container elementor-column-gap-wider\">\n\t\t\t\t\t<div class=\"elementor-column elementor-col-100 elementor-inner-column elementor-element elementor-element-5e70158\" data-id=\"5e70158\" data-element_type=\"column\" data-e-type=\"column\">\n\t\t\t<div class=\"elementor-widget-wrap\">\n\t\t\t\t\t\t\t<\/div>\n\t\t<\/div>\n\t\t\t\t\t<\/div>\n\t\t<\/section>\n\t\t\t\t<div data-dce-text-color=\"#111111\" class=\"elementor-element elementor-element-02e16db elementor-widget elementor-widget-text-editor\" data-id=\"02e16db\" data-element_type=\"widget\" data-e-type=\"widget\" data-widget_type=\"text-editor.default\">\n\t\t\t\t<div class=\"elementor-widget-container\">\n\t\t\t\t\t\t\t\t\t<p>A kumru eredetileg egy hideg szendvics volt paradicsommal, t\u00f6r\u00f6k z\u00f6ld paprik\u00e1val \u00e9s egy Izmir tulumu nev\u0171 helyi sajttal. A m\u00e1sik fajt\u00e1ja, amit igazib\u00f3l nem is Izmir kumrusunak, hanem \u00c7e\u015fme Kumrusunak h\u00edvnak, a melegszendvics-v\u00e1ltozat, amihez marh\u00e1b\u00f3l, illetve csirk\u00e9b\u0151l\/pulyk\u00e1b\u00f3l k\u00e9sz\u00fclt virslit, szal\u00e1mit \u00e9s kolb\u00e1szt v\u00e1gnak v\u00e9konyra, ezeket grill lapon megpir\u00edtj\u00e1k, egy hatalmas adagot belet\u00f6mnek a szendvicsbe, erre mehet m\u00e9g a grillen megolvasztott sajt \u00e9s az eredeti recept alapj\u00e1n paradicsom. Az\u00e9rt \u00edrom, hogy eredeti recept alapj\u00e1n, mert a fentiekben le\u00edrtak szerint k\u00e9sz\u00edtett k\u00e9t fajta kumru m\u00e1r lev\u00e9dett m\u00e1rkan\u00e9v T\u00f6r\u00f6korsz\u00e1gban, csak az haszn\u00e1lhatja az Izmir \u00e9s a \u00c7e\u015fme Kumrusu megnevez\u00e9st, aki a Kultur\u00e1lis \u00e9s Turisztikai Miniszt\u00e9rium honlapj\u00e1n is megjelentetett szabadalmi le\u00edr\u00e1snak megfelel\u0151en k\u00e9sz\u00edti el a szendvicset, amelyben pl. grammra pontosan meg van hat\u00e1rozva, hogy virslib\u0151l vagy szal\u00e1mib\u00f3l mennyi ker\u00fclj\u00f6n a szendvicsbe.\u00a0<\/p><p>Ma m\u00e1r sok izmiri utcai \u00e1rus savany\u00fa ubork\u00e1t, illetve majon\u00e9zt \u00e9s ketchupot is tesz bele, a San Da Vinci b\u00fcf\u00e9ben is az ut\u00f3bbi met\u00f3dust k\u00f6vett\u00e9k. \u00c9n nyilv\u00e1n elfogult vagyok, de arra a f\u00e9l \u00f3r\u00e1ra, amit ott t\u00f6lt\u00f6ttem n\u00e1luk v\u00e9gre kicsit T\u00f6r\u00f6korsz\u00e1gban \u00e9rezhettem magam \ud83d\ude42 Mosolyg\u00f3s t\u00f6r\u00f6k sr\u00e1cok, akikkel besz\u00e9lgethettem egy j\u00f3t t\u00f6r\u00f6k\u00fcl, finom t\u00f6r\u00f6k tea, m\u00e1shol nem fellelhet\u0151 \u00edzek, amiket a t\u00f6r\u00f6k felv\u00e1gottak adnak a szendvicshez.. eg\u00e9szen felvid\u00edt\u00f3 \u00e9lm\u00e9ny volt a sok d\u00f6neres ut\u00e1n! Ezek ut\u00e1n m\u00e9g tal\u00e1n azt is eln\u00e9zem nekik, hogy nem csicseribors\u00f3b\u00f3l k\u00e9sz\u00fclt \u00e9leszt\u0151t haszn\u00e1lnak a kenyereik elk\u00e9sz\u00edt\u00e9s\u00e9hez :)) Igazi kumrut \u00fagyis Izmirben kell enni \ud83d\ude42<\/p>\t\t\t\t\t\t\t\t<\/div>\n\t\t\t\t<\/div>\n\t\t\t\t<div data-dce-text-color=\"#111111\" class=\"elementor-element elementor-element-a0f5635 elementor-widget elementor-widget-text-editor\" data-id=\"a0f5635\" data-element_type=\"widget\" data-e-type=\"widget\" data-widget_type=\"text-editor.default\">\n\t\t\t\t<div class=\"elementor-widget-container\">\n\t\t\t\t\t\t\t\t\t<p>B\u00e1r b\u0151ven van m\u00e9g mit bemutatni itthon a t\u00f6r\u00f6k konyh\u00e1b\u00f3l (ezzel pr\u00f3b\u00e1lkozom \u00e9n is a t\u00f6r\u00f6k reggelijeimen \u00e9s mezed\u00e9lut\u00e1nokon), \u00e9n nagyon \u00f6r\u00fcl\u00f6k, hogy v\u00e9gre van egy b\u00fcf\u00e9, ami mert valami m\u00e1ssal is el\u0151\u00e1llni mint a d\u00f6ner! Nincs t\u00falgondolva, nem lesz \u00e9letetek legkiemelked\u0151bb gasztron\u00f3miai \u00e9lm\u00e9nye, de m\u00e9gis egy j\u00f3 alternat\u00edva, ha valami gyorsat szeretn\u00e9tek enni norm\u00e1lis \u00e1ron \u00e9s esetleg m\u00e9g egy kis t\u00f6r\u00f6k hangulatra is v\u00e1gytok! \ud83d\ude42<\/p>\t\t\t\t\t\t\t\t<\/div>\n\t\t\t\t<\/div>\n\t\t\t\t\t<\/div>\n\t\t<\/div>\n\t\t\t\t\t<\/div>\n\t\t<\/section>\n\t\t\t\t<\/div>\n\t\t","protected":false},"excerpt":{"rendered":"<p>Ak\u00e1rmilyen gazdag is T\u00f6r\u00f6korsz\u00e1g street food v\u00e1laszt\u00e9ka, sajnos itthon ebb\u0151l mi csak a d\u00f6nerrel tal\u00e1lkozhattunk \u00e9s \u00e1ltal\u00e1ban annak sem a legjobb v\u00e1ltozat\u00e1val.. De jelentem van alternat\u00edva!<\/p>","protected":false},"author":1,"featured_media":571,"comment_status":"closed","ping_status":"closed","sticky":false,"template":"","format":"standard","meta":{"_acf_changed":false,"footnotes":""},"categories":[29],"tags":[52,41,50,51,39,54,49,48,37,40,33,34,38,53],"class_list":["post-168","post","type-post","status-publish","format-standard","has-post-thumbnail","hentry","category-gasztrosztorik","tag-cesme-kumrusu","tag-gasztrosztori","tag-kumru-izmir","tag-kumrusu","tag-nar-gourmet","tag-san-da-vinci","tag-street-food","tag-szendvics","tag-torok-etel","tag-torok-gasztro","tag-torok-gasztronomia","tag-torok-konyha","tag-torok-kultura","tag-torok-szendvics"],"acf":[],"yoast_head":"<!-- This site is optimized with the Yoast SEO plugin v27.5 - https:\/\/yoast.com\/product\/yoast-seo-wordpress\/ -->\n<title>T\u00f6r\u00f6k street food, ami nem d\u00f6ner - egy rejt\u0151zk\u00f6d\u0151 t\u00f6r\u00f6k b\u00fcf\u00e9 az Astori\u00e1n\u00e1l - Nar Gourmet<\/title>\n<meta name=\"description\" content=\"Ak\u00e1rmilyen gazdag is T\u00f6r\u00f6korsz\u00e1g street food v\u00e1laszt\u00e9ka, sajnos itthon ebb\u0151l mi csak a d\u00f6nerrel tal\u00e1lkozhattunk \u00e9s \u00e1ltal\u00e1ban annak sem a legjobb v\u00e1ltozat\u00e1val.. De jelentem van alternat\u00edva!\" \/>\n<meta name=\"robots\" content=\"index, follow, max-snippet:-1, max-image-preview:large, max-video-preview:-1\" \/>\n<link rel=\"canonical\" href=\"https:\/\/www.nargourmet.hu\/en\/torok-street-food-ami-nem-doner\/\" \/>\n<meta property=\"og:locale\" content=\"en_GB\" \/>\n<meta property=\"og:type\" content=\"article\" \/>\n<meta property=\"og:title\" content=\"T\u00f6r\u00f6k street food, ami nem d\u00f6ner\" \/>\n<meta property=\"og:description\" content=\"Ak\u00e1rmilyen gazdag is T\u00f6r\u00f6korsz\u00e1g street food v\u00e1laszt\u00e9ka, sajnos itthon ebb\u0151l mi csak a d\u00f6nerrel tal\u00e1lkozhattunk \u00e9s \u00e1ltal\u00e1ban annak sem a legjobb v\u00e1ltozat\u00e1val.. De jelentem van alternat\u00edva!\" \/>\n<meta property=\"og:url\" content=\"https:\/\/www.nargourmet.hu\/en\/torok-street-food-ami-nem-doner\/\" \/>\n<meta property=\"og:site_name\" content=\"Nar Gourmet\" \/>\n<meta property=\"article:published_time\" content=\"2018-09-05T14:54:41+00:00\" \/>\n<meta property=\"article:modified_time\" content=\"2019-11-03T01:38:46+00:00\" \/>\n<meta property=\"og:image\" content=\"https:\/\/www.nargourmet.hu\/wp-content\/uploads\/2018\/09\/imag5359_1.jpg\" \/>\n\t<meta property=\"og:image:width\" content=\"4096\" \/>\n\t<meta property=\"og:image:height\" content=\"2304\" \/>\n\t<meta property=\"og:image:type\" content=\"image\/jpeg\" \/>\n<meta name=\"author\" content=\"T\u00f3th \u00c1gi - Nar Gourmet\" \/>\n<meta name=\"twitter:card\" content=\"summary_large_image\" \/>\n<meta name=\"twitter:title\" content=\"T\u00f6r\u00f6k street food, ami nem d\u00f6ner\" \/>\n<meta name=\"twitter:description\" content=\"Ak\u00e1rmilyen gazdag is T\u00f6r\u00f6korsz\u00e1g street food v\u00e1laszt\u00e9ka, sajnos itthon ebb\u0151l mi csak a d\u00f6nerrel tal\u00e1lkozhattunk \u00e9s \u00e1ltal\u00e1ban annak sem a legjobb v\u00e1ltozat\u00e1val.. De jelentem van alternat\u00edva!\" \/>\n<meta name=\"twitter:image\" content=\"https:\/\/www.nargourmet.hu\/wp-content\/uploads\/2018\/09\/imag5359_1.jpg\" \/>\n<meta name=\"twitter:label1\" content=\"Written by\" \/>\n\t<meta name=\"twitter:data1\" content=\"T\u00f3th \u00c1gi - Nar Gourmet\" \/>\n\t<meta name=\"twitter:label2\" content=\"Estimated reading time\" \/>\n\t<meta name=\"twitter:data2\" content=\"3 minutes\" \/>\n<script type=\"application\/ld+json\" class=\"yoast-schema-graph\">{\"@context\":\"https:\\\/\\\/schema.org\",\"@graph\":[{\"@type\":\"Article\",\"@id\":\"https:\\\/\\\/www.nargourmet.hu\\\/torok-street-food-ami-nem-doner\\\/#article\",\"isPartOf\":{\"@id\":\"https:\\\/\\\/www.nargourmet.hu\\\/torok-street-food-ami-nem-doner\\\/\"},\"author\":{\"name\":\"T\u00f3th \u00c1gi - Nar Gourmet\",\"@id\":\"https:\\\/\\\/www.nargourmet.hu\\\/#\\\/schema\\\/person\\\/905f7779e5136c7a041785532e5b3adc\"},\"headline\":\"T\u00f6r\u00f6k street food, ami nem d\u00f6ner &#8211; egy rejt\u0151zk\u00f6d\u0151 t\u00f6r\u00f6k b\u00fcf\u00e9 az Astori\u00e1n\u00e1l\",\"datePublished\":\"2018-09-05T14:54:41+00:00\",\"dateModified\":\"2019-11-03T01:38:46+00:00\",\"mainEntityOfPage\":{\"@id\":\"https:\\\/\\\/www.nargourmet.hu\\\/torok-street-food-ami-nem-doner\\\/\"},\"wordCount\":720,\"image\":{\"@id\":\"https:\\\/\\\/www.nargourmet.hu\\\/torok-street-food-ami-nem-doner\\\/#primaryimage\"},\"thumbnailUrl\":\"https:\\\/\\\/www.nargourmet.hu\\\/wp-content\\\/uploads\\\/2018\\\/09\\\/imag5359_1.jpg\",\"keywords\":[\"cesme kumrusu\",\"gasztrosztori\",\"kumru izmir\",\"kumrusu\",\"nar gourmet\",\"san da vinci\",\"street food\",\"szendvics\",\"t\u00f6r\u00f6k \u00e9tel\",\"t\u00f6r\u00f6k gasztro\",\"t\u00f6r\u00f6k gasztron\u00f3mia\",\"t\u00f6r\u00f6k konyha\",\"t\u00f6r\u00f6k kult\u00fara\",\"t\u00f6r\u00f6k szendvics\"],\"articleSection\":[\"Gasztrosztorik\"],\"inLanguage\":\"en-GB\"},{\"@type\":\"WebPage\",\"@id\":\"https:\\\/\\\/www.nargourmet.hu\\\/torok-street-food-ami-nem-doner\\\/\",\"url\":\"https:\\\/\\\/www.nargourmet.hu\\\/torok-street-food-ami-nem-doner\\\/\",\"name\":\"T\u00f6r\u00f6k street food, ami nem d\u00f6ner - egy rejt\u0151zk\u00f6d\u0151 t\u00f6r\u00f6k b\u00fcf\u00e9 az Astori\u00e1n\u00e1l - Nar Gourmet\",\"isPartOf\":{\"@id\":\"https:\\\/\\\/www.nargourmet.hu\\\/#website\"},\"primaryImageOfPage\":{\"@id\":\"https:\\\/\\\/www.nargourmet.hu\\\/torok-street-food-ami-nem-doner\\\/#primaryimage\"},\"image\":{\"@id\":\"https:\\\/\\\/www.nargourmet.hu\\\/torok-street-food-ami-nem-doner\\\/#primaryimage\"},\"thumbnailUrl\":\"https:\\\/\\\/www.nargourmet.hu\\\/wp-content\\\/uploads\\\/2018\\\/09\\\/imag5359_1.jpg\",\"datePublished\":\"2018-09-05T14:54:41+00:00\",\"dateModified\":\"2019-11-03T01:38:46+00:00\",\"author\":{\"@id\":\"https:\\\/\\\/www.nargourmet.hu\\\/#\\\/schema\\\/person\\\/905f7779e5136c7a041785532e5b3adc\"},\"description\":\"Ak\u00e1rmilyen gazdag is T\u00f6r\u00f6korsz\u00e1g street food v\u00e1laszt\u00e9ka, sajnos itthon ebb\u0151l mi csak a d\u00f6nerrel tal\u00e1lkozhattunk \u00e9s \u00e1ltal\u00e1ban annak sem a legjobb v\u00e1ltozat\u00e1val.. De jelentem van alternat\u00edva!\",\"breadcrumb\":{\"@id\":\"https:\\\/\\\/www.nargourmet.hu\\\/torok-street-food-ami-nem-doner\\\/#breadcrumb\"},\"inLanguage\":\"en-GB\",\"potentialAction\":[{\"@type\":\"ReadAction\",\"target\":[\"https:\\\/\\\/www.nargourmet.hu\\\/torok-street-food-ami-nem-doner\\\/\"]}]},{\"@type\":\"ImageObject\",\"inLanguage\":\"en-GB\",\"@id\":\"https:\\\/\\\/www.nargourmet.hu\\\/torok-street-food-ami-nem-doner\\\/#primaryimage\",\"url\":\"https:\\\/\\\/www.nargourmet.hu\\\/wp-content\\\/uploads\\\/2018\\\/09\\\/imag5359_1.jpg\",\"contentUrl\":\"https:\\\/\\\/www.nargourmet.hu\\\/wp-content\\\/uploads\\\/2018\\\/09\\\/imag5359_1.jpg\",\"width\":1920,\"height\":1080},{\"@type\":\"BreadcrumbList\",\"@id\":\"https:\\\/\\\/www.nargourmet.hu\\\/torok-street-food-ami-nem-doner\\\/#breadcrumb\",\"itemListElement\":[{\"@type\":\"ListItem\",\"position\":1,\"name\":\"Home\",\"item\":\"https:\\\/\\\/www.nargourmet.hu\\\/\"},{\"@type\":\"ListItem\",\"position\":2,\"name\":\"T\u00f6r\u00f6k street food, ami nem d\u00f6ner &#8211; egy rejt\u0151zk\u00f6d\u0151 t\u00f6r\u00f6k b\u00fcf\u00e9 az Astori\u00e1n\u00e1l\"}]},{\"@type\":\"WebSite\",\"@id\":\"https:\\\/\\\/www.nargourmet.hu\\\/#website\",\"url\":\"https:\\\/\\\/www.nargourmet.hu\\\/\",\"name\":\"Nar Gourmet\",\"description\":\"T\u00f6r\u00f6k gasztron\u00f3mia\",\"potentialAction\":[{\"@type\":\"SearchAction\",\"target\":{\"@type\":\"EntryPoint\",\"urlTemplate\":\"https:\\\/\\\/www.nargourmet.hu\\\/?s={search_term_string}\"},\"query-input\":{\"@type\":\"PropertyValueSpecification\",\"valueRequired\":true,\"valueName\":\"search_term_string\"}}],\"inLanguage\":\"en-GB\"},{\"@type\":\"Person\",\"@id\":\"https:\\\/\\\/www.nargourmet.hu\\\/#\\\/schema\\\/person\\\/905f7779e5136c7a041785532e5b3adc\",\"name\":\"T\u00f3th \u00c1gi - Nar Gourmet\",\"image\":{\"@type\":\"ImageObject\",\"inLanguage\":\"en-GB\",\"@id\":\"https:\\\/\\\/www.nargourmet.hu\\\/wp-content\\\/uploads\\\/2022\\\/08\\\/cropped-DSC_2049-2-96x96.jpg\",\"url\":\"https:\\\/\\\/www.nargourmet.hu\\\/wp-content\\\/uploads\\\/2022\\\/08\\\/cropped-DSC_2049-2-96x96.jpg\",\"contentUrl\":\"https:\\\/\\\/www.nargourmet.hu\\\/wp-content\\\/uploads\\\/2022\\\/08\\\/cropped-DSC_2049-2-96x96.jpg\",\"caption\":\"T\u00f3th \u00c1gi - Nar Gourmet\"},\"description\":\"T\u00f3th \u00c1gi vagyok, a Nar Gourmet m\u00e1rka alap\u00edt\u00f3ja, a t\u00f6r\u00f6k konyham\u0171v\u00e9szet szak\u00e9rt\u0151je. 2005 \u00f3ta j\u00e1rom T\u00f6r\u00f6korsz\u00e1g vid\u00e9keit, 5 \u00e9ven \u00e1t szerveztem Magyarorsz\u00e1g els\u0151 rendszeres, a t\u00f6r\u00f6k kult\u00far\u00e1t bemutat\u00f3 programsorozat\u00e1t, 2,5 \u00e9vig pedig a Yunus Emre Int\u00e9zet Budapesti T\u00f6r\u00f6k Kultur\u00e1lis K\u00f6zpont kultur\u00e1lis vezet\u0151je voltam.\",\"url\":\"https:\\\/\\\/www.nargourmet.hu\\\/en\\\/author\\\/nargourmet\\\/\"}]}<\/script>\n<!-- \/ Yoast SEO plugin. -->","yoast_head_json":{"title":"T\u00f6r\u00f6k street food, ami nem d\u00f6ner - egy rejt\u0151zk\u00f6d\u0151 t\u00f6r\u00f6k b\u00fcf\u00e9 az Astori\u00e1n\u00e1l - Nar Gourmet","description":"Ak\u00e1rmilyen gazdag is T\u00f6r\u00f6korsz\u00e1g street food v\u00e1laszt\u00e9ka, sajnos itthon ebb\u0151l mi csak a d\u00f6nerrel tal\u00e1lkozhattunk \u00e9s \u00e1ltal\u00e1ban annak sem a legjobb v\u00e1ltozat\u00e1val.. De jelentem van alternat\u00edva!","robots":{"index":"index","follow":"follow","max-snippet":"max-snippet:-1","max-image-preview":"max-image-preview:large","max-video-preview":"max-video-preview:-1"},"canonical":"https:\/\/www.nargourmet.hu\/en\/torok-street-food-ami-nem-doner\/","og_locale":"en_GB","og_type":"article","og_title":"T\u00f6r\u00f6k street food, ami nem d\u00f6ner","og_description":"Ak\u00e1rmilyen gazdag is T\u00f6r\u00f6korsz\u00e1g street food v\u00e1laszt\u00e9ka, sajnos itthon ebb\u0151l mi csak a d\u00f6nerrel tal\u00e1lkozhattunk \u00e9s \u00e1ltal\u00e1ban annak sem a legjobb v\u00e1ltozat\u00e1val.. De jelentem van alternat\u00edva!","og_url":"https:\/\/www.nargourmet.hu\/en\/torok-street-food-ami-nem-doner\/","og_site_name":"Nar Gourmet","article_published_time":"2018-09-05T14:54:41+00:00","article_modified_time":"2019-11-03T01:38:46+00:00","og_image":[{"width":4096,"height":2304,"url":"https:\/\/www.nargourmet.hu\/wp-content\/uploads\/2018\/09\/imag5359_1.jpg","type":"image\/jpeg"}],"author":"T\u00f3th \u00c1gi - Nar Gourmet","twitter_card":"summary_large_image","twitter_title":"T\u00f6r\u00f6k street food, ami nem d\u00f6ner","twitter_description":"Ak\u00e1rmilyen gazdag is T\u00f6r\u00f6korsz\u00e1g street food v\u00e1laszt\u00e9ka, sajnos itthon ebb\u0151l mi csak a d\u00f6nerrel tal\u00e1lkozhattunk \u00e9s \u00e1ltal\u00e1ban annak sem a legjobb v\u00e1ltozat\u00e1val.. De jelentem van alternat\u00edva!","twitter_image":"https:\/\/www.nargourmet.hu\/wp-content\/uploads\/2018\/09\/imag5359_1.jpg","twitter_misc":{"Written by":"T\u00f3th \u00c1gi - Nar Gourmet","Estimated reading time":"3 minutes"},"schema":{"@context":"https:\/\/schema.org","@graph":[{"@type":"Article","@id":"https:\/\/www.nargourmet.hu\/torok-street-food-ami-nem-doner\/#article","isPartOf":{"@id":"https:\/\/www.nargourmet.hu\/torok-street-food-ami-nem-doner\/"},"author":{"name":"T\u00f3th \u00c1gi - Nar Gourmet","@id":"https:\/\/www.nargourmet.hu\/#\/schema\/person\/905f7779e5136c7a041785532e5b3adc"},"headline":"T\u00f6r\u00f6k street food, ami nem d\u00f6ner &#8211; egy rejt\u0151zk\u00f6d\u0151 t\u00f6r\u00f6k b\u00fcf\u00e9 az Astori\u00e1n\u00e1l","datePublished":"2018-09-05T14:54:41+00:00","dateModified":"2019-11-03T01:38:46+00:00","mainEntityOfPage":{"@id":"https:\/\/www.nargourmet.hu\/torok-street-food-ami-nem-doner\/"},"wordCount":720,"image":{"@id":"https:\/\/www.nargourmet.hu\/torok-street-food-ami-nem-doner\/#primaryimage"},"thumbnailUrl":"https:\/\/www.nargourmet.hu\/wp-content\/uploads\/2018\/09\/imag5359_1.jpg","keywords":["cesme kumrusu","gasztrosztori","kumru izmir","kumrusu","nar gourmet","san da vinci","street food","szendvics","t\u00f6r\u00f6k \u00e9tel","t\u00f6r\u00f6k gasztro","t\u00f6r\u00f6k gasztron\u00f3mia","t\u00f6r\u00f6k konyha","t\u00f6r\u00f6k kult\u00fara","t\u00f6r\u00f6k szendvics"],"articleSection":["Gasztrosztorik"],"inLanguage":"en-GB"},{"@type":"WebPage","@id":"https:\/\/www.nargourmet.hu\/torok-street-food-ami-nem-doner\/","url":"https:\/\/www.nargourmet.hu\/torok-street-food-ami-nem-doner\/","name":"T\u00f6r\u00f6k street food, ami nem d\u00f6ner - egy rejt\u0151zk\u00f6d\u0151 t\u00f6r\u00f6k b\u00fcf\u00e9 az Astori\u00e1n\u00e1l - Nar Gourmet","isPartOf":{"@id":"https:\/\/www.nargourmet.hu\/#website"},"primaryImageOfPage":{"@id":"https:\/\/www.nargourmet.hu\/torok-street-food-ami-nem-doner\/#primaryimage"},"image":{"@id":"https:\/\/www.nargourmet.hu\/torok-street-food-ami-nem-doner\/#primaryimage"},"thumbnailUrl":"https:\/\/www.nargourmet.hu\/wp-content\/uploads\/2018\/09\/imag5359_1.jpg","datePublished":"2018-09-05T14:54:41+00:00","dateModified":"2019-11-03T01:38:46+00:00","author":{"@id":"https:\/\/www.nargourmet.hu\/#\/schema\/person\/905f7779e5136c7a041785532e5b3adc"},"description":"Ak\u00e1rmilyen gazdag is T\u00f6r\u00f6korsz\u00e1g street food v\u00e1laszt\u00e9ka, sajnos itthon ebb\u0151l mi csak a d\u00f6nerrel tal\u00e1lkozhattunk \u00e9s \u00e1ltal\u00e1ban annak sem a legjobb v\u00e1ltozat\u00e1val.. De jelentem van alternat\u00edva!","breadcrumb":{"@id":"https:\/\/www.nargourmet.hu\/torok-street-food-ami-nem-doner\/#breadcrumb"},"inLanguage":"en-GB","potentialAction":[{"@type":"ReadAction","target":["https:\/\/www.nargourmet.hu\/torok-street-food-ami-nem-doner\/"]}]},{"@type":"ImageObject","inLanguage":"en-GB","@id":"https:\/\/www.nargourmet.hu\/torok-street-food-ami-nem-doner\/#primaryimage","url":"https:\/\/www.nargourmet.hu\/wp-content\/uploads\/2018\/09\/imag5359_1.jpg","contentUrl":"https:\/\/www.nargourmet.hu\/wp-content\/uploads\/2018\/09\/imag5359_1.jpg","width":1920,"height":1080},{"@type":"BreadcrumbList","@id":"https:\/\/www.nargourmet.hu\/torok-street-food-ami-nem-doner\/#breadcrumb","itemListElement":[{"@type":"ListItem","position":1,"name":"Home","item":"https:\/\/www.nargourmet.hu\/"},{"@type":"ListItem","position":2,"name":"T\u00f6r\u00f6k street food, ami nem d\u00f6ner &#8211; egy rejt\u0151zk\u00f6d\u0151 t\u00f6r\u00f6k b\u00fcf\u00e9 az Astori\u00e1n\u00e1l"}]},{"@type":"WebSite","@id":"https:\/\/www.nargourmet.hu\/#website","url":"https:\/\/www.nargourmet.hu\/","name":"Nar Gourmet","description":"T\u00f6r\u00f6k gasztron\u00f3mia","potentialAction":[{"@type":"SearchAction","target":{"@type":"EntryPoint","urlTemplate":"https:\/\/www.nargourmet.hu\/?s={search_term_string}"},"query-input":{"@type":"PropertyValueSpecification","valueRequired":true,"valueName":"search_term_string"}}],"inLanguage":"en-GB"},{"@type":"Person","@id":"https:\/\/www.nargourmet.hu\/#\/schema\/person\/905f7779e5136c7a041785532e5b3adc","name":"T\u00f3th \u00c1gi - Nar Gourmet","image":{"@type":"ImageObject","inLanguage":"en-GB","@id":"https:\/\/www.nargourmet.hu\/wp-content\/uploads\/2022\/08\/cropped-DSC_2049-2-96x96.jpg","url":"https:\/\/www.nargourmet.hu\/wp-content\/uploads\/2022\/08\/cropped-DSC_2049-2-96x96.jpg","contentUrl":"https:\/\/www.nargourmet.hu\/wp-content\/uploads\/2022\/08\/cropped-DSC_2049-2-96x96.jpg","caption":"T\u00f3th \u00c1gi - Nar Gourmet"},"description":"T\u00f3th \u00c1gi vagyok, a Nar Gourmet m\u00e1rka alap\u00edt\u00f3ja, a t\u00f6r\u00f6k konyham\u0171v\u00e9szet szak\u00e9rt\u0151je. 2005 \u00f3ta j\u00e1rom T\u00f6r\u00f6korsz\u00e1g vid\u00e9keit, 5 \u00e9ven \u00e1t szerveztem Magyarorsz\u00e1g els\u0151 rendszeres, a t\u00f6r\u00f6k kult\u00far\u00e1t bemutat\u00f3 programsorozat\u00e1t, 2,5 \u00e9vig pedig a Yunus Emre Int\u00e9zet Budapesti T\u00f6r\u00f6k Kultur\u00e1lis K\u00f6zpont kultur\u00e1lis vezet\u0151je voltam.","url":"https:\/\/www.nargourmet.hu\/en\/author\/nargourmet\/"}]}},"_links":{"self":[{"href":"https:\/\/www.nargourmet.hu\/en\/wp-json\/wp\/v2\/posts\/168","targetHints":{"allow":["GET"]}}],"collection":[{"href":"https:\/\/www.nargourmet.hu\/en\/wp-json\/wp\/v2\/posts"}],"about":[{"href":"https:\/\/www.nargourmet.hu\/en\/wp-json\/wp\/v2\/types\/post"}],"author":[{"embeddable":true,"href":"https:\/\/www.nargourmet.hu\/en\/wp-json\/wp\/v2\/users\/1"}],"replies":[{"embeddable":true,"href":"https:\/\/www.nargourmet.hu\/en\/wp-json\/wp\/v2\/comments?post=168"}],"version-history":[{"count":4,"href":"https:\/\/www.nargourmet.hu\/en\/wp-json\/wp\/v2\/posts\/168\/revisions"}],"predecessor-version":[{"id":573,"href":"https:\/\/www.nargourmet.hu\/en\/wp-json\/wp\/v2\/posts\/168\/revisions\/573"}],"wp:featuredmedia":[{"embeddable":true,"href":"https:\/\/www.nargourmet.hu\/en\/wp-json\/wp\/v2\/media\/571"}],"wp:attachment":[{"href":"https:\/\/www.nargourmet.hu\/en\/wp-json\/wp\/v2\/media?parent=168"}],"wp:term":[{"taxonomy":"category","embeddable":true,"href":"https:\/\/www.nargourmet.hu\/en\/wp-json\/wp\/v2\/categories?post=168"},{"taxonomy":"post_tag","embeddable":true,"href":"https:\/\/www.nargourmet.hu\/en\/wp-json\/wp\/v2\/tags?post=168"}],"curies":[{"name":"wp","href":"https:\/\/api.w.org\/{rel}","templated":true}]}}