{"id":832,"date":"2017-10-15T20:14:54","date_gmt":"2017-10-15T20:14:54","guid":{"rendered":"https:\/\/www.nargourmet.hu\/?p=832"},"modified":"2019-11-03T20:20:21","modified_gmt":"2019-11-03T20:20:21","slug":"baranybelbol-street-food","status":"publish","type":"post","link":"https:\/\/www.nargourmet.hu\/en\/baranybelbol-street-food\/","title":{"rendered":"B\u00e1r\u00e1nyb\u00e9lb\u0151l street food? Kokore\u00e7-sztori!"},"content":{"rendered":"\t\t<div data-elementor-type=\"wp-post\" data-elementor-id=\"832\" class=\"elementor elementor-832\" data-elementor-post-type=\"post\">\n\t\t\t\t\t\t<section class=\"elementor-section elementor-top-section elementor-element elementor-element-f349c2b elementor-section-boxed elementor-section-height-default elementor-section-height-default\" data-id=\"f349c2b\" data-element_type=\"section\" data-e-type=\"section\" data-settings=\"{&quot;jet_parallax_layout_list&quot;:[{&quot;jet_parallax_layout_image&quot;:{&quot;url&quot;:&quot;&quot;,&quot;id&quot;:&quot;&quot;,&quot;size&quot;:&quot;&quot;},&quot;_id&quot;:&quot;4e324be&quot;,&quot;jet_parallax_layout_speed&quot;:{&quot;unit&quot;:&quot;%&quot;,&quot;size&quot;:50,&quot;sizes&quot;:[]},&quot;jet_parallax_layout_type&quot;:&quot;scroll&quot;,&quot;jet_parallax_layout_z_index&quot;:&quot;&quot;,&quot;jet_parallax_layout_bg_x&quot;:50,&quot;jet_parallax_layout_bg_y&quot;:50,&quot;jet_parallax_layout_bg_size&quot;:&quot;auto&quot;,&quot;jet_parallax_layout_animation_prop&quot;:&quot;transform&quot;,&quot;jet_parallax_layout_on&quot;:[&quot;desktop&quot;,&quot;tablet&quot;],&quot;jet_parallax_layout_image_tablet&quot;:{&quot;url&quot;:&quot;&quot;,&quot;id&quot;:&quot;&quot;,&quot;size&quot;:&quot;&quot;},&quot;jet_parallax_layout_image_mobile&quot;:{&quot;url&quot;:&quot;&quot;,&quot;id&quot;:&quot;&quot;,&quot;size&quot;:&quot;&quot;},&quot;jet_parallax_layout_direction&quot;:&quot;1&quot;,&quot;jet_parallax_layout_fx_direction&quot;:null,&quot;jet_parallax_layout_bg_x_tablet&quot;:&quot;&quot;,&quot;jet_parallax_layout_bg_x_mobile&quot;:&quot;&quot;,&quot;jet_parallax_layout_bg_y_tablet&quot;:&quot;&quot;,&quot;jet_parallax_layout_bg_y_mobile&quot;:&quot;&quot;,&quot;jet_parallax_layout_bg_size_tablet&quot;:&quot;&quot;,&quot;jet_parallax_layout_bg_size_mobile&quot;:&quot;&quot;}]}\">\n\t\t\t\t\t\t<div class=\"elementor-container elementor-column-gap-default\">\n\t\t\t\t\t<div class=\"elementor-column elementor-col-100 elementor-top-column elementor-element elementor-element-550d699\" data-id=\"550d699\" data-element_type=\"column\" data-e-type=\"column\">\n\t\t\t<div class=\"elementor-widget-wrap elementor-element-populated\">\n\t\t\t\t\t\t<div data-dce-text-color=\"#111111\" class=\"elementor-element elementor-element-d20b906 elementor-widget elementor-widget-text-editor\" data-id=\"d20b906\" data-element_type=\"widget\" data-e-type=\"widget\" data-widget_type=\"text-editor.default\">\n\t\t\t\t<div class=\"elementor-widget-container\">\n\t\t\t\t\t\t\t\t\t<p>B\u00e1rmerre is j\u00e1rtok T\u00f6r\u00f6korsz\u00e1gban, m\u00e9g a mai napig sz\u00e1mos helyen l\u00e1ttok gurul\u00f3s kis kocsikat, melyekr\u0151l finomabbn\u00e1l finomabb csemeg\u00e9k kacsintgatnak r\u00e1tok. Az egyikben simit, a m\u00e1sikban f\u0151tt, grillezett kukorica, a harmadikban s\u00fclt gesztenye, a negyedikben csirke rizzsel \u00e9s m\u00e9g sorolhatn\u00e1m. Azonban egy valami kezd elt\u0171nni az utc\u00e1kr\u00f3l, jobban mondva nem is elt\u0171nik, csak elk\u00f6lt\u00f6zik, \u00e1talakul.<\/p><p>Tudj\u00e1tok-e, hogy mi l\u00e1that\u00f3 ezen a k\u00e9pen? Nem m\u00e1s mint a kokore\u00e7, az egyik legn\u00e9pszer\u0171bb t\u00f6r\u00f6k street food, mely nem m\u00e1s mint b\u00e1r\u00e1nyb\u00e9l feltekerve, meggrillezve, paradicsommal, z\u00f6ldpaprik\u00e1val, r\u00f3mai k\u00f6m\u00e9nnyel, kakukkf\u0171vel, s\u00f3val,borssal \u00f6sszekeverve, apr\u00f3ra v\u00e1gva, melyb\u0151l k\u00e9rhetsz egy szendvicsreval\u00f3t vagy ak\u00e1r egy eg\u00e9sz t\u00e1ny\u00e9rnyit is.<\/p><p>No, h\u00e1t ezek a kokore\u00e7et \u00e1rus\u00edt\u00f3 kis kocsik kezdenek elt\u0171nni az utc\u00e1kr\u00f3l. Csak semmi p\u00e1nik, igaz\u00e1b\u00f3l nem t\u0171nnek el, s\u0151t! Az ut\u00f3bbi \u00e9vekben sz\u00e1mos v\u00e1llalkoz\u00f3 l\u00e1tta meg a kokore\u00e7 \u00e1rus\u00edt\u00e1sban az \u00fczleti lehet\u0151s\u00e9get, melynek k\u00f6vetkezm\u00e9nye, hogy m\u00e1ra 13 m\u00e1rka is \u00e9p\u00fcl erre a v\u00e9gtelen egyszer\u0171 \u00e9telre \u00e9s franchise alapon \u00e9ttereml\u00e1ncokat ki\u00e9p\u00edtve orsz\u00e1gszerte terjeszkednek. Csoda, hogy ez kor\u00e1bban nem jutott esz\u00e9be senkinek, hiszen a befektet\u00e9s gyorsan megt\u00e9r\u00fcl. Ma T\u00f6r\u00f6korsz\u00e1gban egy kokore\u00e7 \u00fczletet megnyitni kb 8.000.000 Ft, ehhez j\u00f6n m\u00e9g a franchise d\u00edj, ami kb 3.000.000, viszont minimum 2.500.000 Ft-ot kitev\u0151 havi forgalomra \u00e9s 35 sz\u00e1zal\u00e9kos haszonkulcsra sz\u00e1m\u00edtanak. Az els\u0151 kokore\u00e7 b\u00fcf\u00e9l\u00e1nc Sampiyon kokore\u00e7 n\u00e9ven indult, minden versenyt\u00e1rs\u00e1t j\u00f3val megel\u0151zve, 1962-ben. Els\u0151 b\u00fcf\u00e9j\u00fcket Isztambulban a Beyo\u011flu-i halpiacon nyitott\u00e1k meg, mely minden rekl\u00e1m n\u00e9lk\u00fcl, k\u00e9t pillanat alatt rendk\u00edv\u00fcl sikeres lett. Mindezek ellen\u00e9re csak 1994-ben indultak el a m\u00e1rk\u00e1v\u00e1 v\u00e1l\u00e1s \u00fatj\u00e1n, amikor is felvett\u00e9k a Sampiyon (bajnok) nevet, majd k\u00f6vetkez\u0151 \u00e9vt\u0151l kezdve sorra nyitott\u00e1k meg b\u00fcf\u00e9iket szerte Isztambulban. Akkora volt a siker, hogy 2000 ut\u00e1n m\u00e1r franchise m\u00f3dszerrel terjeszkedtek tov\u00e1bb. M\u00e1ra 45 b\u00fcf\u00e9 fut ezen n\u00e9v alatt \u00e9s elmondhatjuk, hogy \u0151k tett\u00e9k meg az els\u0151 l\u00e9p\u00e9st afel\u00e9, hogy a kokore\u00e7-\u00e1rus\u00edt\u00e1s mint a t\u00f6r\u00f6k gasztron\u00f3mia egyik alapk\u00f6ve \u00e1ttelep\u00fclj\u00f6n a kicsi gurul\u00f3s kocsikr\u00f3l a nagyobb \u00fczlethelyis\u00e9gekbe. Nagyobba, ugyanis a n\u00e9pszer\u0171s\u00e9gnek k\u00f6sz\u00f6nhet\u0151en m\u00e1r a legt\u00f6bb helyen nem tudja a vend\u00e9gsereget kiszolg\u00e1lni egy 2-3 asztalos apr\u00f3cska b\u00fcf\u00e9, k\u00f6zepes \u00e9tteremnek megfelel\u0151 nagys\u00e1g\u00fa helyen kell m\u0171k\u00f6dni. A Sampiyon mellett a legismertebb kokore\u00e7 m\u00e1rk\u00e1k m\u00e9g a Gala kokore\u00e7 vagy a \u00d6zmert kokore\u00e7, mindkett\u0151 hihetetlen temp\u00f3ban terjeszkedik.<\/p><p>Nem is csoda, hiszen ez a az \u00e1ll\u00edt\u00f3lagosan g\u00f6r\u00f6g\u00f6kt\u0151l \u00e1tvett \u00e9tel m\u00e1ra mindenki kedvenc\u00e9v\u00e9 v\u00e1lt. \u00c9s ezt sajnos sokan ki is haszn\u00e1lj\u00e1k, nem mindig j\u00f3indulat\u00faan. Norm\u00e1l esetben a kokore\u00e7et kiz\u00e1r\u00f3lag b\u00e1r\u00e1ny v\u00e9konyb\u00e9lb\u0151l lenne szabad k\u00e9sz\u00edteni, azonban sajnos ma m\u00e1r van n\u00e9h\u00e1ny olyan b\u00fcf\u00e9, akik marhab\u00e9lb\u0151l k\u00e9sz\u00edtik, hogy m\u00e9g t\u00f6bb hasznot termeljenek, de annak az \u00edz\u00e9n r\u00f6gt\u00f6n lehet \u00e9rezni, hogy valami nem stimmel, \u00fagyhogy rem\u00e9lhet\u0151leg nem sok\u00e1ig maradnak majd a piacon.<\/p><p>A b\u00e1r\u00e1nybelet az \u00fczletek sz\u00e1m\u00e1ra nagy m\u0171helyekben k\u00e9sz\u00edtik el\u0151. A beleket alaposan kimoss\u00e1k, ut\u00e1na feltekerik egy f\u00e9mr\u00fadra, majd 150 fok feletti h\u0151m\u00e9rs\u00e9kleten el\u0151s\u00fctik. Ezut\u00e1n leh\u0171tik, m\u00e9lyh\u0171tik \u00e9s \u00edgy sz\u00e1ll\u00edtj\u00e1k az \u00fczletekbe.<\/p><p>B\u00e1r r\u00e9gen a legt\u00f6bb kis gurul\u00f3s kocsin fasz\u00e9nen s\u00fct\u00f6tt\u00e9k meg a kokore\u00e7et, m\u00e1ra ilyet m\u00e1r kev\u00e9s helyen l\u00e1thatunk, ugyanis a fasz\u00e9n nem tud 90 fokn\u00e1l melegebb h\u0151t csin\u00e1lni, ez pedig nem el\u00e9g ahhoz, hogy minden bakt\u00e9riumot meg\u00f6lj\u00f6n a feltekert belekben. Ez\u00e9rt fontos, hogy manaps\u00e1g m\u00e1r el\u0151s\u00fctik a kokore\u00e7et \u00e9s sok \u00fczletben nem fasz\u00e9nnel, hanem elektromos s\u00fct\u0151fel\u00fclettel s\u00fctik k\u00e9szre a beleket.<\/p><p>A t\u00f6r\u00f6k\u00f6k m\u00e9g a legegyszer\u0171bb \u00e9teleket is nagy precizit\u00e1ssal k\u00e9sz\u00edtik \u00e9s \u00e1ll\u00edtj\u00e1k, hogy m\u00e9g egy j\u00f3 d\u00f6ner elk\u00e9sz\u00edt\u00e9s\u00e9hez is mester sz\u00fcks\u00e9ges, ezt nem lehet egyik napr\u00f3l a m\u00e1sikra megtanulni. \u00cdgy tartj\u00e1k a kokore\u00e7r\u0151l is, ugyanis pontosan kell tudni, hogy h\u00e1ny percnyi s\u00fct\u00e9s sz\u00fcks\u00e9ges a t\u00f6k\u00e9letes \u00e1llag el\u00e9r\u00e9s\u00e9hez. F\u0151leg egy olyan helyen, mint a legels\u0151 Sampiyon kokore\u00e7 b\u00fcf\u00e9, ahol \u00e9jjel-nappal sor\u00e1ll\u00e1s van \u00e9s 70-80 kil\u00f3 kokore\u00e7et adnak el egy nap, mi t\u00f6bb ez a mennyis\u00e9g p\u00e9nteken \u00e9s szombaton a 100-150 kil\u00f3t is el\u00e9rheti. Az itt dolgoz\u00f3 mesterek m\u00e1r 35-40 \u00e9ve \u0171zik ezt a mesters\u00e9get, nem csoda, hogy hib\u00e1tlan szendvicsek ker\u00fclnek ki a kezeik k\u00f6z\u00fcl. Szerencs\u00e9re m\u00e1r k\u00fclf\u00f6ld\u00f6n is terjeszkednek, sz\u00e1mos b\u00fcf\u00e9t nyitottak m\u00e1r Azerbajdzs\u00e1nban, N\u00e9metorsz\u00e1gban \u00e9s Spanyolorsz\u00e1got is hamarosan megh\u00f3d\u00edtj\u00e1k.<\/p>\t\t\t\t\t\t\t\t<\/div>\n\t\t\t\t<\/div>\n\t\t\t\t<div class=\"elementor-element elementor-element-9423fcb elementor-widget elementor-widget-image\" data-id=\"9423fcb\" data-element_type=\"widget\" data-e-type=\"widget\" data-widget_type=\"image.default\">\n\t\t\t\t<div class=\"elementor-widget-container\">\n\t\t\t\t\t\t\t\t\t\t\t\t\t\t\t<img decoding=\"async\" src=\"https:\/\/www.nargourmet.hu\/wp-content\/uploads\/elementor\/thumbs\/imag0242_1-rbm8e7hcuc30kd82493y5kt2x65k3s4393u14clo5w.jpg\" title=\"imag0242_1\" alt=\"imag0242_1\" loading=\"lazy\" \/>\t\t\t\t\t\t\t\t\t\t\t\t\t\t\t<\/div>\n\t\t\t\t<\/div>\n\t\t\t\t<div data-dce-text-color=\"#111111\" class=\"elementor-element elementor-element-f3cd2ce elementor-widget elementor-widget-text-editor\" data-id=\"f3cd2ce\" data-element_type=\"widget\" data-e-type=\"widget\" data-widget_type=\"text-editor.default\">\n\t\t\t\t<div class=\"elementor-widget-container\">\n\t\t\t\t\t\t\t\t\t<p>Lehet, hogy sokan idegenkedtek t\u0151le, de ha egyszer megk\u00f3stolj\u00e1tok, onnan nincs vissza\u00fat, ti is kokore\u00e7-f\u00fcgg\u0151k lesztek!<\/p><p>Nincs valaki v\u00e1llalkoz\u00f3 szellem\u0171 k\u00f6ztetek, aki nyitna egy franchise \u00fczletet Budapesten? Na j\u00f3, megel\u00e9gedn\u00e9k egy food truckkal is, csak ne kelljen olyan messzire menn\u00fcnk, ha megk\u00edv\u00e1njuk ezt az \u00ednycsikland\u00f3 szendvicset \ud83d\ude42<\/p>\t\t\t\t\t\t\t\t<\/div>\n\t\t\t\t<\/div>\n\t\t\t\t\t<\/div>\n\t\t<\/div>\n\t\t\t\t\t<\/div>\n\t\t<\/section>\n\t\t\t\t<\/div>\n\t\t","protected":false},"excerpt":{"rendered":"<p>B\u00e1rmerre is j\u00e1rtok T\u00f6r\u00f6korsz\u00e1gban, m\u00e9g a mai napig sz\u00e1mos helyen l\u00e1ttok gurul\u00f3s kis kocsikat, melyekr\u0151l finomabbn\u00e1l finomabb csemeg\u00e9k kacsintgatnak r\u00e1tok. <\/p>","protected":false},"author":1,"featured_media":834,"comment_status":"closed","ping_status":"closed","sticky":false,"template":"","format":"standard","meta":{"_acf_changed":false,"footnotes":""},"categories":[29],"tags":[85,41,36,84,83,39,86,49,37,40,33,38],"class_list":["post-832","post","type-post","status-publish","format-standard","has-post-thumbnail","hentry","category-gasztrosztorik","tag-baranybel","tag-gasztrosztori","tag-isztambul","tag-kokorec","tag-konyha","tag-nar-gourmet","tag-sampiyon","tag-street-food","tag-torok-etel","tag-torok-gasztro","tag-torok-gasztronomia","tag-torok-kultura"],"acf":[],"yoast_head":"<!-- This site is optimized with the Yoast SEO plugin v27.3 - https:\/\/yoast.com\/product\/yoast-seo-wordpress\/ -->\n<title>B\u00e1r\u00e1nyb\u00e9lb\u0151l street food? Kokore\u00e7-sztori! - Nar Gourmet<\/title>\n<meta name=\"description\" content=\"B\u00e1rmerre is j\u00e1rtok T\u00f6r\u00f6korsz\u00e1gban, m\u00e9g a mai napig sz\u00e1mos helyen l\u00e1ttok gurul\u00f3s kis kocsikat, melyekr\u0151l finomabbn\u00e1l finomabb csemeg\u00e9k kacsintgatnak r\u00e1tok.\" \/>\n<meta name=\"robots\" content=\"index, follow, max-snippet:-1, max-image-preview:large, max-video-preview:-1\" \/>\n<link rel=\"canonical\" href=\"https:\/\/www.nargourmet.hu\/en\/baranybelbol-street-food\/\" \/>\n<meta property=\"og:locale\" content=\"en_GB\" \/>\n<meta property=\"og:type\" content=\"article\" \/>\n<meta property=\"og:title\" content=\"B\u00e1r\u00e1nyb\u00e9lb\u0151l street food? Kokore\u00e7-sztori! - Nar Gourmet\" \/>\n<meta property=\"og:description\" content=\"B\u00e1rmerre is j\u00e1rtok T\u00f6r\u00f6korsz\u00e1gban, m\u00e9g a mai napig sz\u00e1mos helyen l\u00e1ttok gurul\u00f3s kis kocsikat, melyekr\u0151l finomabbn\u00e1l finomabb csemeg\u00e9k kacsintgatnak r\u00e1tok.\" \/>\n<meta property=\"og:url\" content=\"https:\/\/www.nargourmet.hu\/en\/baranybelbol-street-food\/\" \/>\n<meta property=\"og:site_name\" content=\"Nar Gourmet\" \/>\n<meta property=\"article:published_time\" content=\"2017-10-15T20:14:54+00:00\" \/>\n<meta property=\"article:modified_time\" content=\"2019-11-03T20:20:21+00:00\" \/>\n<meta property=\"og:image\" content=\"https:\/\/www.nargourmet.hu\/wp-content\/uploads\/2019\/11\/imag0239_1.jpg\" \/>\n\t<meta property=\"og:image:width\" content=\"4096\" \/>\n\t<meta property=\"og:image:height\" content=\"2304\" \/>\n\t<meta property=\"og:image:type\" content=\"image\/jpeg\" \/>\n<meta name=\"author\" content=\"T\u00f3th \u00c1gi - Nar Gourmet\" \/>\n<meta name=\"twitter:card\" content=\"summary_large_image\" \/>\n<meta name=\"twitter:label1\" content=\"Written by\" \/>\n\t<meta name=\"twitter:data1\" content=\"T\u00f3th \u00c1gi - Nar Gourmet\" \/>\n\t<meta name=\"twitter:label2\" content=\"Estimated reading time\" \/>\n\t<meta name=\"twitter:data2\" content=\"5 minutes\" \/>\n<script type=\"application\/ld+json\" class=\"yoast-schema-graph\">{\"@context\":\"https:\\\/\\\/schema.org\",\"@graph\":[{\"@type\":\"Article\",\"@id\":\"https:\\\/\\\/www.nargourmet.hu\\\/baranybelbol-street-food\\\/#article\",\"isPartOf\":{\"@id\":\"https:\\\/\\\/www.nargourmet.hu\\\/baranybelbol-street-food\\\/\"},\"author\":{\"name\":\"T\u00f3th \u00c1gi - Nar Gourmet\",\"@id\":\"https:\\\/\\\/www.nargourmet.hu\\\/#\\\/schema\\\/person\\\/905f7779e5136c7a041785532e5b3adc\"},\"headline\":\"B\u00e1r\u00e1nyb\u00e9lb\u0151l street food? Kokore\u00e7-sztori!\",\"datePublished\":\"2017-10-15T20:14:54+00:00\",\"dateModified\":\"2019-11-03T20:20:21+00:00\",\"mainEntityOfPage\":{\"@id\":\"https:\\\/\\\/www.nargourmet.hu\\\/baranybelbol-street-food\\\/\"},\"wordCount\":1015,\"image\":{\"@id\":\"https:\\\/\\\/www.nargourmet.hu\\\/baranybelbol-street-food\\\/#primaryimage\"},\"thumbnailUrl\":\"https:\\\/\\\/www.nargourmet.hu\\\/wp-content\\\/uploads\\\/2019\\\/11\\\/imag0239_1.jpg\",\"keywords\":[\"b\u00e1r\u00e1nyb\u00e9l\",\"gasztrosztori\",\"Isztambul\",\"kokorec\",\"konyha\",\"nar gourmet\",\"Sampiyon\",\"street food\",\"t\u00f6r\u00f6k \u00e9tel\",\"t\u00f6r\u00f6k gasztro\",\"t\u00f6r\u00f6k gasztron\u00f3mia\",\"t\u00f6r\u00f6k kult\u00fara\"],\"articleSection\":[\"Gasztrosztorik\"],\"inLanguage\":\"en-GB\"},{\"@type\":\"WebPage\",\"@id\":\"https:\\\/\\\/www.nargourmet.hu\\\/baranybelbol-street-food\\\/\",\"url\":\"https:\\\/\\\/www.nargourmet.hu\\\/baranybelbol-street-food\\\/\",\"name\":\"B\u00e1r\u00e1nyb\u00e9lb\u0151l street food? Kokore\u00e7-sztori! - Nar Gourmet\",\"isPartOf\":{\"@id\":\"https:\\\/\\\/www.nargourmet.hu\\\/#website\"},\"primaryImageOfPage\":{\"@id\":\"https:\\\/\\\/www.nargourmet.hu\\\/baranybelbol-street-food\\\/#primaryimage\"},\"image\":{\"@id\":\"https:\\\/\\\/www.nargourmet.hu\\\/baranybelbol-street-food\\\/#primaryimage\"},\"thumbnailUrl\":\"https:\\\/\\\/www.nargourmet.hu\\\/wp-content\\\/uploads\\\/2019\\\/11\\\/imag0239_1.jpg\",\"datePublished\":\"2017-10-15T20:14:54+00:00\",\"dateModified\":\"2019-11-03T20:20:21+00:00\",\"author\":{\"@id\":\"https:\\\/\\\/www.nargourmet.hu\\\/#\\\/schema\\\/person\\\/905f7779e5136c7a041785532e5b3adc\"},\"description\":\"B\u00e1rmerre is j\u00e1rtok T\u00f6r\u00f6korsz\u00e1gban, m\u00e9g a mai napig sz\u00e1mos helyen l\u00e1ttok gurul\u00f3s kis kocsikat, melyekr\u0151l finomabbn\u00e1l finomabb csemeg\u00e9k kacsintgatnak r\u00e1tok.\",\"breadcrumb\":{\"@id\":\"https:\\\/\\\/www.nargourmet.hu\\\/baranybelbol-street-food\\\/#breadcrumb\"},\"inLanguage\":\"en-GB\",\"potentialAction\":[{\"@type\":\"ReadAction\",\"target\":[\"https:\\\/\\\/www.nargourmet.hu\\\/baranybelbol-street-food\\\/\"]}]},{\"@type\":\"ImageObject\",\"inLanguage\":\"en-GB\",\"@id\":\"https:\\\/\\\/www.nargourmet.hu\\\/baranybelbol-street-food\\\/#primaryimage\",\"url\":\"https:\\\/\\\/www.nargourmet.hu\\\/wp-content\\\/uploads\\\/2019\\\/11\\\/imag0239_1.jpg\",\"contentUrl\":\"https:\\\/\\\/www.nargourmet.hu\\\/wp-content\\\/uploads\\\/2019\\\/11\\\/imag0239_1.jpg\",\"width\":1920,\"height\":1080},{\"@type\":\"BreadcrumbList\",\"@id\":\"https:\\\/\\\/www.nargourmet.hu\\\/baranybelbol-street-food\\\/#breadcrumb\",\"itemListElement\":[{\"@type\":\"ListItem\",\"position\":1,\"name\":\"Home\",\"item\":\"https:\\\/\\\/www.nargourmet.hu\\\/\"},{\"@type\":\"ListItem\",\"position\":2,\"name\":\"B\u00e1r\u00e1nyb\u00e9lb\u0151l street food? Kokore\u00e7-sztori!\"}]},{\"@type\":\"WebSite\",\"@id\":\"https:\\\/\\\/www.nargourmet.hu\\\/#website\",\"url\":\"https:\\\/\\\/www.nargourmet.hu\\\/\",\"name\":\"Nar Gourmet\",\"description\":\"T\u00f6r\u00f6k gasztron\u00f3mia\",\"potentialAction\":[{\"@type\":\"SearchAction\",\"target\":{\"@type\":\"EntryPoint\",\"urlTemplate\":\"https:\\\/\\\/www.nargourmet.hu\\\/?s={search_term_string}\"},\"query-input\":{\"@type\":\"PropertyValueSpecification\",\"valueRequired\":true,\"valueName\":\"search_term_string\"}}],\"inLanguage\":\"en-GB\"},{\"@type\":\"Person\",\"@id\":\"https:\\\/\\\/www.nargourmet.hu\\\/#\\\/schema\\\/person\\\/905f7779e5136c7a041785532e5b3adc\",\"name\":\"T\u00f3th \u00c1gi - Nar Gourmet\",\"image\":{\"@type\":\"ImageObject\",\"inLanguage\":\"en-GB\",\"@id\":\"https:\\\/\\\/www.nargourmet.hu\\\/wp-content\\\/uploads\\\/2022\\\/08\\\/cropped-DSC_2049-2-96x96.jpg\",\"url\":\"https:\\\/\\\/www.nargourmet.hu\\\/wp-content\\\/uploads\\\/2022\\\/08\\\/cropped-DSC_2049-2-96x96.jpg\",\"contentUrl\":\"https:\\\/\\\/www.nargourmet.hu\\\/wp-content\\\/uploads\\\/2022\\\/08\\\/cropped-DSC_2049-2-96x96.jpg\",\"caption\":\"T\u00f3th \u00c1gi - Nar Gourmet\"},\"description\":\"T\u00f3th \u00c1gi vagyok, a Nar Gourmet m\u00e1rka alap\u00edt\u00f3ja, a t\u00f6r\u00f6k konyham\u0171v\u00e9szet szak\u00e9rt\u0151je. 2005 \u00f3ta j\u00e1rom T\u00f6r\u00f6korsz\u00e1g vid\u00e9keit, 5 \u00e9ven \u00e1t szerveztem Magyarorsz\u00e1g els\u0151 rendszeres, a t\u00f6r\u00f6k kult\u00far\u00e1t bemutat\u00f3 programsorozat\u00e1t, 2,5 \u00e9vig pedig a Yunus Emre Int\u00e9zet Budapesti T\u00f6r\u00f6k Kultur\u00e1lis K\u00f6zpont kultur\u00e1lis vezet\u0151je voltam.\",\"url\":\"https:\\\/\\\/www.nargourmet.hu\\\/en\\\/author\\\/nargourmet\\\/\"}]}<\/script>\n<!-- \/ Yoast SEO plugin. -->","yoast_head_json":{"title":"B\u00e1r\u00e1nyb\u00e9lb\u0151l street food? Kokore\u00e7-sztori! - Nar Gourmet","description":"B\u00e1rmerre is j\u00e1rtok T\u00f6r\u00f6korsz\u00e1gban, m\u00e9g a mai napig sz\u00e1mos helyen l\u00e1ttok gurul\u00f3s kis kocsikat, melyekr\u0151l finomabbn\u00e1l finomabb csemeg\u00e9k kacsintgatnak r\u00e1tok.","robots":{"index":"index","follow":"follow","max-snippet":"max-snippet:-1","max-image-preview":"max-image-preview:large","max-video-preview":"max-video-preview:-1"},"canonical":"https:\/\/www.nargourmet.hu\/en\/baranybelbol-street-food\/","og_locale":"en_GB","og_type":"article","og_title":"B\u00e1r\u00e1nyb\u00e9lb\u0151l street food? Kokore\u00e7-sztori! - Nar Gourmet","og_description":"B\u00e1rmerre is j\u00e1rtok T\u00f6r\u00f6korsz\u00e1gban, m\u00e9g a mai napig sz\u00e1mos helyen l\u00e1ttok gurul\u00f3s kis kocsikat, melyekr\u0151l finomabbn\u00e1l finomabb csemeg\u00e9k kacsintgatnak r\u00e1tok.","og_url":"https:\/\/www.nargourmet.hu\/en\/baranybelbol-street-food\/","og_site_name":"Nar Gourmet","article_published_time":"2017-10-15T20:14:54+00:00","article_modified_time":"2019-11-03T20:20:21+00:00","og_image":[{"width":4096,"height":2304,"url":"https:\/\/www.nargourmet.hu\/wp-content\/uploads\/2019\/11\/imag0239_1.jpg","type":"image\/jpeg"}],"author":"T\u00f3th \u00c1gi - Nar Gourmet","twitter_card":"summary_large_image","twitter_misc":{"Written by":"T\u00f3th \u00c1gi - Nar Gourmet","Estimated reading time":"5 minutes"},"schema":{"@context":"https:\/\/schema.org","@graph":[{"@type":"Article","@id":"https:\/\/www.nargourmet.hu\/baranybelbol-street-food\/#article","isPartOf":{"@id":"https:\/\/www.nargourmet.hu\/baranybelbol-street-food\/"},"author":{"name":"T\u00f3th \u00c1gi - Nar Gourmet","@id":"https:\/\/www.nargourmet.hu\/#\/schema\/person\/905f7779e5136c7a041785532e5b3adc"},"headline":"B\u00e1r\u00e1nyb\u00e9lb\u0151l street food? Kokore\u00e7-sztori!","datePublished":"2017-10-15T20:14:54+00:00","dateModified":"2019-11-03T20:20:21+00:00","mainEntityOfPage":{"@id":"https:\/\/www.nargourmet.hu\/baranybelbol-street-food\/"},"wordCount":1015,"image":{"@id":"https:\/\/www.nargourmet.hu\/baranybelbol-street-food\/#primaryimage"},"thumbnailUrl":"https:\/\/www.nargourmet.hu\/wp-content\/uploads\/2019\/11\/imag0239_1.jpg","keywords":["b\u00e1r\u00e1nyb\u00e9l","gasztrosztori","Isztambul","kokorec","konyha","nar gourmet","Sampiyon","street food","t\u00f6r\u00f6k \u00e9tel","t\u00f6r\u00f6k gasztro","t\u00f6r\u00f6k gasztron\u00f3mia","t\u00f6r\u00f6k kult\u00fara"],"articleSection":["Gasztrosztorik"],"inLanguage":"en-GB"},{"@type":"WebPage","@id":"https:\/\/www.nargourmet.hu\/baranybelbol-street-food\/","url":"https:\/\/www.nargourmet.hu\/baranybelbol-street-food\/","name":"B\u00e1r\u00e1nyb\u00e9lb\u0151l street food? Kokore\u00e7-sztori! - Nar Gourmet","isPartOf":{"@id":"https:\/\/www.nargourmet.hu\/#website"},"primaryImageOfPage":{"@id":"https:\/\/www.nargourmet.hu\/baranybelbol-street-food\/#primaryimage"},"image":{"@id":"https:\/\/www.nargourmet.hu\/baranybelbol-street-food\/#primaryimage"},"thumbnailUrl":"https:\/\/www.nargourmet.hu\/wp-content\/uploads\/2019\/11\/imag0239_1.jpg","datePublished":"2017-10-15T20:14:54+00:00","dateModified":"2019-11-03T20:20:21+00:00","author":{"@id":"https:\/\/www.nargourmet.hu\/#\/schema\/person\/905f7779e5136c7a041785532e5b3adc"},"description":"B\u00e1rmerre is j\u00e1rtok T\u00f6r\u00f6korsz\u00e1gban, m\u00e9g a mai napig sz\u00e1mos helyen l\u00e1ttok gurul\u00f3s kis kocsikat, melyekr\u0151l finomabbn\u00e1l finomabb csemeg\u00e9k kacsintgatnak r\u00e1tok.","breadcrumb":{"@id":"https:\/\/www.nargourmet.hu\/baranybelbol-street-food\/#breadcrumb"},"inLanguage":"en-GB","potentialAction":[{"@type":"ReadAction","target":["https:\/\/www.nargourmet.hu\/baranybelbol-street-food\/"]}]},{"@type":"ImageObject","inLanguage":"en-GB","@id":"https:\/\/www.nargourmet.hu\/baranybelbol-street-food\/#primaryimage","url":"https:\/\/www.nargourmet.hu\/wp-content\/uploads\/2019\/11\/imag0239_1.jpg","contentUrl":"https:\/\/www.nargourmet.hu\/wp-content\/uploads\/2019\/11\/imag0239_1.jpg","width":1920,"height":1080},{"@type":"BreadcrumbList","@id":"https:\/\/www.nargourmet.hu\/baranybelbol-street-food\/#breadcrumb","itemListElement":[{"@type":"ListItem","position":1,"name":"Home","item":"https:\/\/www.nargourmet.hu\/"},{"@type":"ListItem","position":2,"name":"B\u00e1r\u00e1nyb\u00e9lb\u0151l street food? Kokore\u00e7-sztori!"}]},{"@type":"WebSite","@id":"https:\/\/www.nargourmet.hu\/#website","url":"https:\/\/www.nargourmet.hu\/","name":"Nar Gourmet","description":"T\u00f6r\u00f6k gasztron\u00f3mia","potentialAction":[{"@type":"SearchAction","target":{"@type":"EntryPoint","urlTemplate":"https:\/\/www.nargourmet.hu\/?s={search_term_string}"},"query-input":{"@type":"PropertyValueSpecification","valueRequired":true,"valueName":"search_term_string"}}],"inLanguage":"en-GB"},{"@type":"Person","@id":"https:\/\/www.nargourmet.hu\/#\/schema\/person\/905f7779e5136c7a041785532e5b3adc","name":"T\u00f3th \u00c1gi - Nar Gourmet","image":{"@type":"ImageObject","inLanguage":"en-GB","@id":"https:\/\/www.nargourmet.hu\/wp-content\/uploads\/2022\/08\/cropped-DSC_2049-2-96x96.jpg","url":"https:\/\/www.nargourmet.hu\/wp-content\/uploads\/2022\/08\/cropped-DSC_2049-2-96x96.jpg","contentUrl":"https:\/\/www.nargourmet.hu\/wp-content\/uploads\/2022\/08\/cropped-DSC_2049-2-96x96.jpg","caption":"T\u00f3th \u00c1gi - Nar Gourmet"},"description":"T\u00f3th \u00c1gi vagyok, a Nar Gourmet m\u00e1rka alap\u00edt\u00f3ja, a t\u00f6r\u00f6k konyham\u0171v\u00e9szet szak\u00e9rt\u0151je. 2005 \u00f3ta j\u00e1rom T\u00f6r\u00f6korsz\u00e1g vid\u00e9keit, 5 \u00e9ven \u00e1t szerveztem Magyarorsz\u00e1g els\u0151 rendszeres, a t\u00f6r\u00f6k kult\u00far\u00e1t bemutat\u00f3 programsorozat\u00e1t, 2,5 \u00e9vig pedig a Yunus Emre Int\u00e9zet Budapesti T\u00f6r\u00f6k Kultur\u00e1lis K\u00f6zpont kultur\u00e1lis vezet\u0151je voltam.","url":"https:\/\/www.nargourmet.hu\/en\/author\/nargourmet\/"}]}},"_links":{"self":[{"href":"https:\/\/www.nargourmet.hu\/en\/wp-json\/wp\/v2\/posts\/832","targetHints":{"allow":["GET"]}}],"collection":[{"href":"https:\/\/www.nargourmet.hu\/en\/wp-json\/wp\/v2\/posts"}],"about":[{"href":"https:\/\/www.nargourmet.hu\/en\/wp-json\/wp\/v2\/types\/post"}],"author":[{"embeddable":true,"href":"https:\/\/www.nargourmet.hu\/en\/wp-json\/wp\/v2\/users\/1"}],"replies":[{"embeddable":true,"href":"https:\/\/www.nargourmet.hu\/en\/wp-json\/wp\/v2\/comments?post=832"}],"version-history":[{"count":3,"href":"https:\/\/www.nargourmet.hu\/en\/wp-json\/wp\/v2\/posts\/832\/revisions"}],"predecessor-version":[{"id":837,"href":"https:\/\/www.nargourmet.hu\/en\/wp-json\/wp\/v2\/posts\/832\/revisions\/837"}],"wp:featuredmedia":[{"embeddable":true,"href":"https:\/\/www.nargourmet.hu\/en\/wp-json\/wp\/v2\/media\/834"}],"wp:attachment":[{"href":"https:\/\/www.nargourmet.hu\/en\/wp-json\/wp\/v2\/media?parent=832"}],"wp:term":[{"taxonomy":"category","embeddable":true,"href":"https:\/\/www.nargourmet.hu\/en\/wp-json\/wp\/v2\/categories?post=832"},{"taxonomy":"post_tag","embeddable":true,"href":"https:\/\/www.nargourmet.hu\/en\/wp-json\/wp\/v2\/tags?post=832"}],"curies":[{"name":"wp","href":"https:\/\/api.w.org\/{rel}","templated":true}]}}