{"id":838,"date":"2017-10-08T20:21:06","date_gmt":"2017-10-08T20:21:06","guid":{"rendered":"https:\/\/www.nargourmet.hu\/?p=838"},"modified":"2019-11-03T20:34:04","modified_gmt":"2019-11-03T20:34:04","slug":"egy-desszert-noe-barkajarol","status":"publish","type":"post","link":"https:\/\/www.nargourmet.hu\/en\/egy-desszert-noe-barkajarol\/","title":{"rendered":"Egy desszert No\u00e9 b\u00e1rk\u00e1j\u00e1r\u00f3l!"},"content":{"rendered":"\t\t<div data-elementor-type=\"wp-post\" data-elementor-id=\"838\" class=\"elementor elementor-838\" data-elementor-post-type=\"post\">\n\t\t\t\t\t\t<section class=\"elementor-section elementor-top-section elementor-element elementor-element-d1bf055 elementor-section-boxed elementor-section-height-default elementor-section-height-default\" data-id=\"d1bf055\" data-element_type=\"section\" data-e-type=\"section\" data-settings=\"{&quot;jet_parallax_layout_list&quot;:[{&quot;jet_parallax_layout_image&quot;:{&quot;url&quot;:&quot;&quot;,&quot;id&quot;:&quot;&quot;,&quot;size&quot;:&quot;&quot;},&quot;_id&quot;:&quot;4e324be&quot;,&quot;jet_parallax_layout_speed&quot;:{&quot;unit&quot;:&quot;%&quot;,&quot;size&quot;:50,&quot;sizes&quot;:[]},&quot;jet_parallax_layout_type&quot;:&quot;scroll&quot;,&quot;jet_parallax_layout_z_index&quot;:&quot;&quot;,&quot;jet_parallax_layout_bg_x&quot;:50,&quot;jet_parallax_layout_bg_y&quot;:50,&quot;jet_parallax_layout_bg_size&quot;:&quot;auto&quot;,&quot;jet_parallax_layout_animation_prop&quot;:&quot;transform&quot;,&quot;jet_parallax_layout_on&quot;:[&quot;desktop&quot;,&quot;tablet&quot;],&quot;jet_parallax_layout_image_tablet&quot;:{&quot;url&quot;:&quot;&quot;,&quot;id&quot;:&quot;&quot;,&quot;size&quot;:&quot;&quot;},&quot;jet_parallax_layout_image_mobile&quot;:{&quot;url&quot;:&quot;&quot;,&quot;id&quot;:&quot;&quot;,&quot;size&quot;:&quot;&quot;},&quot;jet_parallax_layout_direction&quot;:&quot;1&quot;,&quot;jet_parallax_layout_fx_direction&quot;:null,&quot;jet_parallax_layout_bg_x_tablet&quot;:&quot;&quot;,&quot;jet_parallax_layout_bg_x_mobile&quot;:&quot;&quot;,&quot;jet_parallax_layout_bg_y_tablet&quot;:&quot;&quot;,&quot;jet_parallax_layout_bg_y_mobile&quot;:&quot;&quot;,&quot;jet_parallax_layout_bg_size_tablet&quot;:&quot;&quot;,&quot;jet_parallax_layout_bg_size_mobile&quot;:&quot;&quot;}]}\">\n\t\t\t\t\t\t<div class=\"elementor-container elementor-column-gap-default\">\n\t\t\t\t\t<div class=\"elementor-column elementor-col-100 elementor-top-column elementor-element elementor-element-ff5468f\" data-id=\"ff5468f\" data-element_type=\"column\" data-e-type=\"column\">\n\t\t\t<div class=\"elementor-widget-wrap elementor-element-populated\">\n\t\t\t\t\t\t<div data-dce-text-color=\"#111111\" class=\"elementor-element elementor-element-8ac2dd4 elementor-widget elementor-widget-text-editor\" data-id=\"8ac2dd4\" data-element_type=\"widget\" data-e-type=\"widget\" data-widget_type=\"text-editor.default\">\n\t\t\t\t<div class=\"elementor-widget-container\">\n\t\t\t\t\t\t\t\t\t<p>Szeptember 30-\u00e1n volt ebben az \u00e9vben Asure napja, amely b\u00e1r a zsid\u00f3s\u00e1g, kereszt\u00e9nys\u00e9g \u00e9s muszlimok k\u00f6r\u00e9ben is egy fontos, k\u00f6z\u00f6s t\u00f6rt\u00e9nethez, No\u00e9 legend\u00e1j\u00e1hoz k\u00f6t\u0151dik, m\u00e9gis legink\u00e1bb muszlim orsz\u00e1gokban eml\u00e9keznek erre a napra egy sz\u00e9p k\u00f6z\u00f6ss\u00e9gi szok\u00e1ssal. Vall\u00e1si h\u00e1tter\u00e9t elolvashatj\u00e1tok\u00a0<a href=\"http:\/\/nargourmet.blog.hu\/2016\/10\/12\/noe_pudingja_avagy_a_vilag_legregebbi_desszertje\" target=\"_blank\" rel=\"noopener noreferrer\">egy m\u00falt \u00e9vi bejegyz\u00e9semben<\/a>.<\/p><p>Legink\u00e1bb T\u00f6r\u00f6korsz\u00e1gban, valamint n\u00e9h\u00e1ny k\u00f6rnyez\u0151 orsz\u00e1gban jellemz\u0151, hogy e nap alkalm\u00e1b\u00f3l minden csal\u00e1d elk\u00e9sz\u00edti az \u00fan. asure pudingot. A legenda szerint No\u00e9 a b\u00e1rk\u00e1j\u00e1n tal\u00e1lhat\u00f3 minden marad\u00e9kot egy nagy kond\u00e9rban \u00f6sszef\u0151z\u00f6tt, mikor megfeneklettek az Arar\u00e1t hegy cs\u00facs\u00e1n. Ezt a pudingszer\u0171s\u00e9get k\u00e9sz\u00edtik el a t\u00f6r\u00f6k\u00f6k is minden \u00e9vben \u00e9s a bar\u00e1ts\u00e1g, egy\u00fctt\u00e9rz\u00e9s, \u00f6sszetart\u00e1s szimb\u00f3lumak\u00e9nt sz\u00e9tosztj\u00e1k a bar\u00e1tok, csal\u00e1dtagok \u00e9s r\u00e1szorul\u00f3k k\u00f6r\u00e9ben.<\/p><p>M\u00falt \u00e9vben is megosztottam veletek egy receptet, viszont ebben az \u00e9vben egy kedves bar\u00e1tn\u0151m j\u00f3l bev\u00e1lt receptj\u00e9t pr\u00f3b\u00e1ltam ki \u00e9n is, ez\u00e9rt ezt is megosztan\u00e1m veletek. Azt tudni kell, hogy ebb\u0151l az \u00e9telb\u0151l egyszer\u0171en nem lehet keveset k\u00e9sz\u00edteni, mert ha csak mindenb\u0151l egy kis mar\u00e9kkal tesztek bele, akkor is hatalmas adag lesz a v\u00e9geredm\u00e9ny. Amit \u00e9n k\u00e9sz\u00edtettem, abb\u00f3l is egy nagy faz\u00e9k lett \u00e9s \u00f6sszesen kb 15-16 kis t\u00e1lk\u00e1ba tudtam sz\u00e9tosztani.<\/p><p>Pr\u00f3b\u00e1lj\u00e1tok ki ti is egyszer! Olyan energiabomba, amit b\u00e1rmelyik sz\u00fcrke reggelen munka el\u0151tt vagy egy kem\u00e9ny edz\u00e9sre k\u00e9sz\u00fclve elfogyasztotok, ti fogtok aznap legjobban teljes\u00edteni:) S\u0151t \u00e9rdemes egy adagot lef\u0151zni a vizsgaid\u0151szakban is, tuti, hogy j\u00f3l fog menni a tanul\u00e1s!<\/p><p>\u00a0<\/p>\t\t\t\t\t\t\t\t<\/div>\n\t\t\t\t<\/div>\n\t\t\t\t\t<\/div>\n\t\t<\/div>\n\t\t\t\t\t<\/div>\n\t\t<\/section>\n\t\t\t\t<section class=\"elementor-section elementor-inner-section elementor-element elementor-element-48ebe8f elementor-section-boxed elementor-section-height-default elementor-section-height-default\" data-id=\"48ebe8f\" data-element_type=\"section\" data-e-type=\"section\" data-settings=\"{&quot;jet_parallax_layout_list&quot;:[{&quot;jet_parallax_layout_image&quot;:{&quot;url&quot;:&quot;&quot;,&quot;id&quot;:&quot;&quot;,&quot;size&quot;:&quot;&quot;},&quot;_id&quot;:&quot;cbff1cc&quot;,&quot;jet_parallax_layout_speed&quot;:{&quot;unit&quot;:&quot;%&quot;,&quot;size&quot;:50,&quot;sizes&quot;:[]},&quot;jet_parallax_layout_type&quot;:&quot;scroll&quot;,&quot;jet_parallax_layout_z_index&quot;:&quot;&quot;,&quot;jet_parallax_layout_bg_x&quot;:50,&quot;jet_parallax_layout_bg_y&quot;:50,&quot;jet_parallax_layout_bg_size&quot;:&quot;auto&quot;,&quot;jet_parallax_layout_animation_prop&quot;:&quot;transform&quot;,&quot;jet_parallax_layout_on&quot;:[&quot;desktop&quot;,&quot;tablet&quot;],&quot;jet_parallax_layout_image_tablet&quot;:{&quot;url&quot;:&quot;&quot;,&quot;id&quot;:&quot;&quot;,&quot;size&quot;:&quot;&quot;},&quot;jet_parallax_layout_image_mobile&quot;:{&quot;url&quot;:&quot;&quot;,&quot;id&quot;:&quot;&quot;,&quot;size&quot;:&quot;&quot;},&quot;jet_parallax_layout_direction&quot;:&quot;1&quot;,&quot;jet_parallax_layout_fx_direction&quot;:null,&quot;jet_parallax_layout_bg_x_tablet&quot;:&quot;&quot;,&quot;jet_parallax_layout_bg_x_mobile&quot;:&quot;&quot;,&quot;jet_parallax_layout_bg_y_tablet&quot;:&quot;&quot;,&quot;jet_parallax_layout_bg_y_mobile&quot;:&quot;&quot;,&quot;jet_parallax_layout_bg_size_tablet&quot;:&quot;&quot;,&quot;jet_parallax_layout_bg_size_mobile&quot;:&quot;&quot;}]}\">\n\t\t\t\t\t\t<div class=\"elementor-container elementor-column-gap-wider\">\n\t\t\t\t\t<div class=\"elementor-column elementor-col-50 elementor-inner-column elementor-element elementor-element-b57970a\" data-id=\"b57970a\" data-element_type=\"column\" data-e-type=\"column\">\n\t\t\t<div class=\"elementor-widget-wrap elementor-element-populated\">\n\t\t\t\t\t\t<div data-dce-text-color=\"#111111\" class=\"elementor-element elementor-element-f87f186 elementor-widget elementor-widget-text-editor\" data-id=\"f87f186\" data-element_type=\"widget\" data-e-type=\"widget\" data-widget_type=\"text-editor.default\">\n\t\t\t\t<div class=\"elementor-widget-container\">\n\t\t\t\t\t\t\t\t\t<p><strong>Ebb\u0151l jut a csal\u00e1d minden tagj\u00e1nak!<\/strong><\/p>\t\t\t\t\t\t\t\t<\/div>\n\t\t\t\t<\/div>\n\t\t\t\t\t<\/div>\n\t\t<\/div>\n\t\t\t\t<div class=\"elementor-column elementor-col-50 elementor-inner-column elementor-element elementor-element-a72c182\" data-id=\"a72c182\" data-element_type=\"column\" data-e-type=\"column\">\n\t\t\t<div class=\"elementor-widget-wrap\">\n\t\t\t\t\t\t\t<\/div>\n\t\t<\/div>\n\t\t\t\t\t<\/div>\n\t\t<\/section>\n\t\t\t\t<section class=\"elementor-section elementor-top-section elementor-element elementor-element-93f9df2 elementor-section-boxed elementor-section-height-default elementor-section-height-default\" data-id=\"93f9df2\" data-element_type=\"section\" data-e-type=\"section\" data-settings=\"{&quot;jet_parallax_layout_list&quot;:[{&quot;jet_parallax_layout_image&quot;:{&quot;url&quot;:&quot;&quot;,&quot;id&quot;:&quot;&quot;,&quot;size&quot;:&quot;&quot;},&quot;_id&quot;:&quot;4e324be&quot;,&quot;jet_parallax_layout_speed&quot;:{&quot;unit&quot;:&quot;%&quot;,&quot;size&quot;:50,&quot;sizes&quot;:[]},&quot;jet_parallax_layout_type&quot;:&quot;scroll&quot;,&quot;jet_parallax_layout_z_index&quot;:&quot;&quot;,&quot;jet_parallax_layout_bg_x&quot;:50,&quot;jet_parallax_layout_bg_y&quot;:50,&quot;jet_parallax_layout_bg_size&quot;:&quot;auto&quot;,&quot;jet_parallax_layout_animation_prop&quot;:&quot;transform&quot;,&quot;jet_parallax_layout_on&quot;:[&quot;desktop&quot;,&quot;tablet&quot;],&quot;jet_parallax_layout_image_tablet&quot;:{&quot;url&quot;:&quot;&quot;,&quot;id&quot;:&quot;&quot;,&quot;size&quot;:&quot;&quot;},&quot;jet_parallax_layout_image_mobile&quot;:{&quot;url&quot;:&quot;&quot;,&quot;id&quot;:&quot;&quot;,&quot;size&quot;:&quot;&quot;},&quot;jet_parallax_layout_direction&quot;:&quot;1&quot;,&quot;jet_parallax_layout_fx_direction&quot;:null,&quot;jet_parallax_layout_bg_x_tablet&quot;:&quot;&quot;,&quot;jet_parallax_layout_bg_x_mobile&quot;:&quot;&quot;,&quot;jet_parallax_layout_bg_y_tablet&quot;:&quot;&quot;,&quot;jet_parallax_layout_bg_y_mobile&quot;:&quot;&quot;,&quot;jet_parallax_layout_bg_size_tablet&quot;:&quot;&quot;,&quot;jet_parallax_layout_bg_size_mobile&quot;:&quot;&quot;}]}\">\n\t\t\t\t\t\t<div class=\"elementor-container elementor-column-gap-default\">\n\t\t\t\t\t<div class=\"elementor-column elementor-col-100 elementor-top-column elementor-element elementor-element-adc9e8b\" data-id=\"adc9e8b\" data-element_type=\"column\" data-e-type=\"column\">\n\t\t\t<div class=\"elementor-widget-wrap elementor-element-populated\">\n\t\t\t\t\t\t<div data-dce-text-color=\"#111111\" class=\"elementor-element elementor-element-3530a41 elementor-widget elementor-widget-text-editor\" data-id=\"3530a41\" data-element_type=\"widget\" data-e-type=\"widget\" data-widget_type=\"text-editor.default\">\n\t\t\t\t<div class=\"elementor-widget-container\">\n\t\t\t\t\t\t\t\t\t<p>\u00cdme a receptem:<\/p><p><strong>1 b\u00f6gre b\u00faz\u00e1t<\/strong> (t\u00f6r\u00f6k boltban asurelik bugday-k\u00e9nt \u00e1rulj\u00e1k, de \u00e9n l\u00e1ttam m\u00e1r a dm-ben eg\u00e9sz b\u00faza n\u00e9v alatt) kb f\u00e9l \u00f3r\u00e1ig f\u0151ztem sima v\u00edzben, mindig p\u00f3tolva a folyad\u00e9kot.<\/p><p>Ut\u00e1na hozz\u00e1adtam\u00a0<strong>1 kis mar\u00e9k rizst, 1 kis mar\u00e9k v\u00f6r\u00f6slencs\u00e9t<\/strong> \u00e9s f\u0151ztem 5 percig.<\/p><p>Ut\u00e1na beledobtam\u00a0<strong>7-7 dkg mazsol\u00e1t, v\u00f6r\u00f6s \u00e1fony\u00e1t, feldarabolt asztalt szilv\u00e1t \u00e9s aszalt barackot<\/strong>.<\/p><p>Mindig annyi vizet adtam hozz\u00e1, hogy kb. f\u0151zel\u00e9k \u00e1llag\u00fa legyen.<\/p><p>Ezut\u00e1n mehetett bele <strong>1-1 kicsi mar\u00e9k mogyor\u00f3, di\u00f3 \u00e9s mandula<\/strong>, majd pedig\u00a0<strong>f\u00e9l konzerv csicseribors\u00f3, f\u00e9l konzerv kisszem\u0171 feh\u00e9rbab, harmad konzerv kukorica, f\u00e9l gr\u00e1n\u00e1talma magjai, 1 csapott kk szegf\u0171szeg, 1,5 kk fah\u00e9j, 2 ek k\u00f3kuszreszel\u00e9k, 2 ek feny\u0151mag \u00e9s f\u00e9l poh\u00e1r cukor\/xillit<\/strong>.<\/p><p>K\u00f6zben mindig \u00f6nt\u00f6gess\u00fck fel v\u00edzzel. Ha nem szeretn\u00e9nk, hogy nagyon s\u00f6t\u00e9t legyen a sz\u00edne, tehet\u00fcnk bele f\u00e9l b\u00f6gre tejet, illetve az is j\u00f3 tr\u00fckk, hogy a fah\u00e9jat nem belekeverj\u00fck, csak mikor kiszedt\u00fck, megsz\u00f3rjuk vele a tetej\u00e9t.<\/p><p>Mivel \u00e9n sok mindennel d\u00edsz\u00edtettem t\u00e1lal\u00e1s ut\u00e1n, ez\u00e9rt nem tartottam fontosnak, hogy milyen a sz\u00edne. L\u00e9nyeg, hogy finom legyen! \ud83d\ude42 \u00d6sszesen, a b\u00faza f\u0151z\u00e9s\u00e9t\u0151l kezdve b\u0151 1 \u00f3r\u00e1t f\u0151ztem. M\u00e9g forr\u00f3n t\u00e1laljuk ki kis t\u00e1lk\u00e1kba \u00e9s hagyjuk kih\u0171lni teljesen. Nem szabad melegen vagy langyosan h\u0171t\u0151be tenni, mert a h\u0171t\u0151nek sem tesz j\u00f3t \u00e9s a puding is megkeseredik. A tetej\u00e9t d\u00edsz\u00edthetj\u00fck k\u00f3kusszal, gr\u00e1n\u00e1talma magokkal \u00e9s b\u00e1rmilyen di\u00f3f\u00e9l\u00e9vel. \u00a0<\/p><p>Az asur\u00e9nak az a l\u00e9nyege, hogy nincs pontos receptje, ha valamelyik hozz\u00e1val\u00f3t nem szeretitek, nyugodtan hagyj\u00e1tok vagy cser\u00e9lj\u00e9tek ki, illetve b\u00e1rmilyen aszalv\u00e1nnyal vagy di\u00f3f\u00e9l\u00e9vel fel lehet turb\u00f3zni. \u00a0<\/p><p>F\u0151z\u00e9sre fel! \ud83d\ude42<\/p>\t\t\t\t\t\t\t\t<\/div>\n\t\t\t\t<\/div>\n\t\t\t\t\t<\/div>\n\t\t<\/div>\n\t\t\t\t\t<\/div>\n\t\t<\/section>\n\t\t\t\t<\/div>\n\t\t","protected":false},"excerpt":{"rendered":"<p>Szeptember 30-\u00e1n volt ebben az \u00e9vben Asure napja, amely No\u00e9 legend\u00e1j\u00e1hoz k\u00f6t\u0151dik, m\u00e9gis legink\u00e1bb muszlim orsz\u00e1gokban eml\u00e9keznek erre a napra egy sz\u00e9p k\u00f6z\u00f6ss\u00e9gi szok\u00e1ssal.<\/p>","protected":false},"author":1,"featured_media":842,"comment_status":"closed","ping_status":"closed","sticky":false,"template":"","format":"standard","meta":{"_acf_changed":false,"footnotes":""},"categories":[27],"tags":[88,87,39,89,59,58,37,40,33,34,38,90,91],"class_list":["post-838","post","type-post","status-publish","format-standard","has-post-thumbnail","hentry","category-receptek","tag-asure","tag-granatalma","tag-nar-gourmet","tag-noe","tag-torok-desszert","tag-torok-edesseg","tag-torok-etel","tag-torok-gasztro","tag-torok-gasztronomia","tag-torok-konyha","tag-torok-kultura","tag-torok-recept","tag-torok-unnep"],"acf":[],"yoast_head":"<!-- This site is optimized with the Yoast SEO plugin v27.3 - https:\/\/yoast.com\/product\/yoast-seo-wordpress\/ -->\n<title>Egy desszert No\u00e9 b\u00e1rk\u00e1j\u00e1r\u00f3l! - Nar Gourmet<\/title>\n<meta name=\"description\" content=\"Szeptember 30-\u00e1n volt Asure napja, amely No\u00e9 legend\u00e1j\u00e1hoz k\u00f6t\u0151dik. A muszlim orsz\u00e1gokban erre a napra egy sz\u00e9p k\u00f6z\u00f6ss\u00e9gi szok\u00e1ssal eml\u00e9keznek.\" \/>\n<meta name=\"robots\" content=\"index, follow, max-snippet:-1, max-image-preview:large, max-video-preview:-1\" \/>\n<link rel=\"canonical\" href=\"https:\/\/www.nargourmet.hu\/en\/egy-desszert-noe-barkajarol\/\" \/>\n<meta property=\"og:locale\" content=\"en_GB\" \/>\n<meta property=\"og:type\" content=\"article\" \/>\n<meta property=\"og:title\" content=\"Egy desszert No\u00e9 b\u00e1rk\u00e1j\u00e1r\u00f3l! - Nar Gourmet\" \/>\n<meta property=\"og:description\" content=\"Szeptember 30-\u00e1n volt Asure napja, amely No\u00e9 legend\u00e1j\u00e1hoz k\u00f6t\u0151dik. A muszlim orsz\u00e1gokban erre a napra egy sz\u00e9p k\u00f6z\u00f6ss\u00e9gi szok\u00e1ssal eml\u00e9keznek.\" \/>\n<meta property=\"og:url\" content=\"https:\/\/www.nargourmet.hu\/en\/egy-desszert-noe-barkajarol\/\" \/>\n<meta property=\"og:site_name\" content=\"Nar Gourmet\" \/>\n<meta property=\"article:published_time\" content=\"2017-10-08T20:21:06+00:00\" \/>\n<meta property=\"article:modified_time\" content=\"2019-11-03T20:34:04+00:00\" \/>\n<meta property=\"og:image\" content=\"https:\/\/www.nargourmet.hu\/wp-content\/uploads\/2019\/11\/imag0548_1.jpg\" \/>\n\t<meta property=\"og:image:width\" content=\"2072\" \/>\n\t<meta property=\"og:image:height\" content=\"1604\" \/>\n\t<meta property=\"og:image:type\" content=\"image\/jpeg\" \/>\n<meta name=\"author\" content=\"T\u00f3th \u00c1gi - Nar Gourmet\" \/>\n<meta name=\"twitter:card\" content=\"summary_large_image\" \/>\n<meta name=\"twitter:label1\" content=\"Written by\" \/>\n\t<meta name=\"twitter:data1\" content=\"T\u00f3th \u00c1gi - Nar Gourmet\" \/>\n\t<meta name=\"twitter:label2\" content=\"Estimated reading time\" \/>\n\t<meta name=\"twitter:data2\" content=\"3 minutes\" \/>\n<script type=\"application\/ld+json\" class=\"yoast-schema-graph\">{\"@context\":\"https:\\\/\\\/schema.org\",\"@graph\":[{\"@type\":\"Article\",\"@id\":\"https:\\\/\\\/www.nargourmet.hu\\\/egy-desszert-noe-barkajarol\\\/#article\",\"isPartOf\":{\"@id\":\"https:\\\/\\\/www.nargourmet.hu\\\/egy-desszert-noe-barkajarol\\\/\"},\"author\":{\"name\":\"T\u00f3th \u00c1gi - Nar Gourmet\",\"@id\":\"https:\\\/\\\/www.nargourmet.hu\\\/#\\\/schema\\\/person\\\/905f7779e5136c7a041785532e5b3adc\"},\"headline\":\"Egy desszert No\u00e9 b\u00e1rk\u00e1j\u00e1r\u00f3l!\",\"datePublished\":\"2017-10-08T20:21:06+00:00\",\"dateModified\":\"2019-11-03T20:34:04+00:00\",\"mainEntityOfPage\":{\"@id\":\"https:\\\/\\\/www.nargourmet.hu\\\/egy-desszert-noe-barkajarol\\\/\"},\"wordCount\":700,\"image\":{\"@id\":\"https:\\\/\\\/www.nargourmet.hu\\\/egy-desszert-noe-barkajarol\\\/#primaryimage\"},\"thumbnailUrl\":\"https:\\\/\\\/www.nargourmet.hu\\\/wp-content\\\/uploads\\\/2019\\\/11\\\/imag0548_1.jpg\",\"keywords\":[\"asure\",\"gr\u00e1n\u00e1talma\",\"nar gourmet\",\"No\u00e9\",\"t\u00f6r\u00f6k desszert\",\"t\u00f6r\u00f6k \u00e9dess\u00e9g\",\"t\u00f6r\u00f6k \u00e9tel\",\"t\u00f6r\u00f6k gasztro\",\"t\u00f6r\u00f6k gasztron\u00f3mia\",\"t\u00f6r\u00f6k konyha\",\"t\u00f6r\u00f6k kult\u00fara\",\"t\u00f6r\u00f6k recept\",\"t\u00f6r\u00f6k \u00fcnnep\"],\"articleSection\":[\"Receptek\"],\"inLanguage\":\"en-GB\"},{\"@type\":\"WebPage\",\"@id\":\"https:\\\/\\\/www.nargourmet.hu\\\/egy-desszert-noe-barkajarol\\\/\",\"url\":\"https:\\\/\\\/www.nargourmet.hu\\\/egy-desszert-noe-barkajarol\\\/\",\"name\":\"Egy desszert No\u00e9 b\u00e1rk\u00e1j\u00e1r\u00f3l! - Nar Gourmet\",\"isPartOf\":{\"@id\":\"https:\\\/\\\/www.nargourmet.hu\\\/#website\"},\"primaryImageOfPage\":{\"@id\":\"https:\\\/\\\/www.nargourmet.hu\\\/egy-desszert-noe-barkajarol\\\/#primaryimage\"},\"image\":{\"@id\":\"https:\\\/\\\/www.nargourmet.hu\\\/egy-desszert-noe-barkajarol\\\/#primaryimage\"},\"thumbnailUrl\":\"https:\\\/\\\/www.nargourmet.hu\\\/wp-content\\\/uploads\\\/2019\\\/11\\\/imag0548_1.jpg\",\"datePublished\":\"2017-10-08T20:21:06+00:00\",\"dateModified\":\"2019-11-03T20:34:04+00:00\",\"author\":{\"@id\":\"https:\\\/\\\/www.nargourmet.hu\\\/#\\\/schema\\\/person\\\/905f7779e5136c7a041785532e5b3adc\"},\"description\":\"Szeptember 30-\u00e1n volt Asure napja, amely No\u00e9 legend\u00e1j\u00e1hoz k\u00f6t\u0151dik. A muszlim orsz\u00e1gokban erre a napra egy sz\u00e9p k\u00f6z\u00f6ss\u00e9gi szok\u00e1ssal eml\u00e9keznek.\",\"breadcrumb\":{\"@id\":\"https:\\\/\\\/www.nargourmet.hu\\\/egy-desszert-noe-barkajarol\\\/#breadcrumb\"},\"inLanguage\":\"en-GB\",\"potentialAction\":[{\"@type\":\"ReadAction\",\"target\":[\"https:\\\/\\\/www.nargourmet.hu\\\/egy-desszert-noe-barkajarol\\\/\"]}]},{\"@type\":\"ImageObject\",\"inLanguage\":\"en-GB\",\"@id\":\"https:\\\/\\\/www.nargourmet.hu\\\/egy-desszert-noe-barkajarol\\\/#primaryimage\",\"url\":\"https:\\\/\\\/www.nargourmet.hu\\\/wp-content\\\/uploads\\\/2019\\\/11\\\/imag0548_1.jpg\",\"contentUrl\":\"https:\\\/\\\/www.nargourmet.hu\\\/wp-content\\\/uploads\\\/2019\\\/11\\\/imag0548_1.jpg\",\"width\":1920,\"height\":1486},{\"@type\":\"BreadcrumbList\",\"@id\":\"https:\\\/\\\/www.nargourmet.hu\\\/egy-desszert-noe-barkajarol\\\/#breadcrumb\",\"itemListElement\":[{\"@type\":\"ListItem\",\"position\":1,\"name\":\"Home\",\"item\":\"https:\\\/\\\/www.nargourmet.hu\\\/\"},{\"@type\":\"ListItem\",\"position\":2,\"name\":\"Egy desszert No\u00e9 b\u00e1rk\u00e1j\u00e1r\u00f3l!\"}]},{\"@type\":\"WebSite\",\"@id\":\"https:\\\/\\\/www.nargourmet.hu\\\/#website\",\"url\":\"https:\\\/\\\/www.nargourmet.hu\\\/\",\"name\":\"Nar Gourmet\",\"description\":\"T\u00f6r\u00f6k gasztron\u00f3mia\",\"potentialAction\":[{\"@type\":\"SearchAction\",\"target\":{\"@type\":\"EntryPoint\",\"urlTemplate\":\"https:\\\/\\\/www.nargourmet.hu\\\/?s={search_term_string}\"},\"query-input\":{\"@type\":\"PropertyValueSpecification\",\"valueRequired\":true,\"valueName\":\"search_term_string\"}}],\"inLanguage\":\"en-GB\"},{\"@type\":\"Person\",\"@id\":\"https:\\\/\\\/www.nargourmet.hu\\\/#\\\/schema\\\/person\\\/905f7779e5136c7a041785532e5b3adc\",\"name\":\"T\u00f3th \u00c1gi - Nar Gourmet\",\"image\":{\"@type\":\"ImageObject\",\"inLanguage\":\"en-GB\",\"@id\":\"https:\\\/\\\/www.nargourmet.hu\\\/wp-content\\\/uploads\\\/2022\\\/08\\\/cropped-DSC_2049-2-96x96.jpg\",\"url\":\"https:\\\/\\\/www.nargourmet.hu\\\/wp-content\\\/uploads\\\/2022\\\/08\\\/cropped-DSC_2049-2-96x96.jpg\",\"contentUrl\":\"https:\\\/\\\/www.nargourmet.hu\\\/wp-content\\\/uploads\\\/2022\\\/08\\\/cropped-DSC_2049-2-96x96.jpg\",\"caption\":\"T\u00f3th \u00c1gi - Nar Gourmet\"},\"description\":\"T\u00f3th \u00c1gi vagyok, a Nar Gourmet m\u00e1rka alap\u00edt\u00f3ja, a t\u00f6r\u00f6k konyham\u0171v\u00e9szet szak\u00e9rt\u0151je. 2005 \u00f3ta j\u00e1rom T\u00f6r\u00f6korsz\u00e1g vid\u00e9keit, 5 \u00e9ven \u00e1t szerveztem Magyarorsz\u00e1g els\u0151 rendszeres, a t\u00f6r\u00f6k kult\u00far\u00e1t bemutat\u00f3 programsorozat\u00e1t, 2,5 \u00e9vig pedig a Yunus Emre Int\u00e9zet Budapesti T\u00f6r\u00f6k Kultur\u00e1lis K\u00f6zpont kultur\u00e1lis vezet\u0151je voltam.\",\"url\":\"https:\\\/\\\/www.nargourmet.hu\\\/en\\\/author\\\/nargourmet\\\/\"}]}<\/script>\n<!-- \/ Yoast SEO plugin. -->","yoast_head_json":{"title":"Egy desszert No\u00e9 b\u00e1rk\u00e1j\u00e1r\u00f3l! - Nar Gourmet","description":"Szeptember 30-\u00e1n volt Asure napja, amely No\u00e9 legend\u00e1j\u00e1hoz k\u00f6t\u0151dik. A muszlim orsz\u00e1gokban erre a napra egy sz\u00e9p k\u00f6z\u00f6ss\u00e9gi szok\u00e1ssal eml\u00e9keznek.","robots":{"index":"index","follow":"follow","max-snippet":"max-snippet:-1","max-image-preview":"max-image-preview:large","max-video-preview":"max-video-preview:-1"},"canonical":"https:\/\/www.nargourmet.hu\/en\/egy-desszert-noe-barkajarol\/","og_locale":"en_GB","og_type":"article","og_title":"Egy desszert No\u00e9 b\u00e1rk\u00e1j\u00e1r\u00f3l! - Nar Gourmet","og_description":"Szeptember 30-\u00e1n volt Asure napja, amely No\u00e9 legend\u00e1j\u00e1hoz k\u00f6t\u0151dik. A muszlim orsz\u00e1gokban erre a napra egy sz\u00e9p k\u00f6z\u00f6ss\u00e9gi szok\u00e1ssal eml\u00e9keznek.","og_url":"https:\/\/www.nargourmet.hu\/en\/egy-desszert-noe-barkajarol\/","og_site_name":"Nar Gourmet","article_published_time":"2017-10-08T20:21:06+00:00","article_modified_time":"2019-11-03T20:34:04+00:00","og_image":[{"width":2072,"height":1604,"url":"https:\/\/www.nargourmet.hu\/wp-content\/uploads\/2019\/11\/imag0548_1.jpg","type":"image\/jpeg"}],"author":"T\u00f3th \u00c1gi - Nar Gourmet","twitter_card":"summary_large_image","twitter_misc":{"Written by":"T\u00f3th \u00c1gi - Nar Gourmet","Estimated reading time":"3 minutes"},"schema":{"@context":"https:\/\/schema.org","@graph":[{"@type":"Article","@id":"https:\/\/www.nargourmet.hu\/egy-desszert-noe-barkajarol\/#article","isPartOf":{"@id":"https:\/\/www.nargourmet.hu\/egy-desszert-noe-barkajarol\/"},"author":{"name":"T\u00f3th \u00c1gi - Nar Gourmet","@id":"https:\/\/www.nargourmet.hu\/#\/schema\/person\/905f7779e5136c7a041785532e5b3adc"},"headline":"Egy desszert No\u00e9 b\u00e1rk\u00e1j\u00e1r\u00f3l!","datePublished":"2017-10-08T20:21:06+00:00","dateModified":"2019-11-03T20:34:04+00:00","mainEntityOfPage":{"@id":"https:\/\/www.nargourmet.hu\/egy-desszert-noe-barkajarol\/"},"wordCount":700,"image":{"@id":"https:\/\/www.nargourmet.hu\/egy-desszert-noe-barkajarol\/#primaryimage"},"thumbnailUrl":"https:\/\/www.nargourmet.hu\/wp-content\/uploads\/2019\/11\/imag0548_1.jpg","keywords":["asure","gr\u00e1n\u00e1talma","nar gourmet","No\u00e9","t\u00f6r\u00f6k desszert","t\u00f6r\u00f6k \u00e9dess\u00e9g","t\u00f6r\u00f6k \u00e9tel","t\u00f6r\u00f6k gasztro","t\u00f6r\u00f6k gasztron\u00f3mia","t\u00f6r\u00f6k konyha","t\u00f6r\u00f6k kult\u00fara","t\u00f6r\u00f6k recept","t\u00f6r\u00f6k \u00fcnnep"],"articleSection":["Receptek"],"inLanguage":"en-GB"},{"@type":"WebPage","@id":"https:\/\/www.nargourmet.hu\/egy-desszert-noe-barkajarol\/","url":"https:\/\/www.nargourmet.hu\/egy-desszert-noe-barkajarol\/","name":"Egy desszert No\u00e9 b\u00e1rk\u00e1j\u00e1r\u00f3l! - Nar Gourmet","isPartOf":{"@id":"https:\/\/www.nargourmet.hu\/#website"},"primaryImageOfPage":{"@id":"https:\/\/www.nargourmet.hu\/egy-desszert-noe-barkajarol\/#primaryimage"},"image":{"@id":"https:\/\/www.nargourmet.hu\/egy-desszert-noe-barkajarol\/#primaryimage"},"thumbnailUrl":"https:\/\/www.nargourmet.hu\/wp-content\/uploads\/2019\/11\/imag0548_1.jpg","datePublished":"2017-10-08T20:21:06+00:00","dateModified":"2019-11-03T20:34:04+00:00","author":{"@id":"https:\/\/www.nargourmet.hu\/#\/schema\/person\/905f7779e5136c7a041785532e5b3adc"},"description":"Szeptember 30-\u00e1n volt Asure napja, amely No\u00e9 legend\u00e1j\u00e1hoz k\u00f6t\u0151dik. A muszlim orsz\u00e1gokban erre a napra egy sz\u00e9p k\u00f6z\u00f6ss\u00e9gi szok\u00e1ssal eml\u00e9keznek.","breadcrumb":{"@id":"https:\/\/www.nargourmet.hu\/egy-desszert-noe-barkajarol\/#breadcrumb"},"inLanguage":"en-GB","potentialAction":[{"@type":"ReadAction","target":["https:\/\/www.nargourmet.hu\/egy-desszert-noe-barkajarol\/"]}]},{"@type":"ImageObject","inLanguage":"en-GB","@id":"https:\/\/www.nargourmet.hu\/egy-desszert-noe-barkajarol\/#primaryimage","url":"https:\/\/www.nargourmet.hu\/wp-content\/uploads\/2019\/11\/imag0548_1.jpg","contentUrl":"https:\/\/www.nargourmet.hu\/wp-content\/uploads\/2019\/11\/imag0548_1.jpg","width":1920,"height":1486},{"@type":"BreadcrumbList","@id":"https:\/\/www.nargourmet.hu\/egy-desszert-noe-barkajarol\/#breadcrumb","itemListElement":[{"@type":"ListItem","position":1,"name":"Home","item":"https:\/\/www.nargourmet.hu\/"},{"@type":"ListItem","position":2,"name":"Egy desszert No\u00e9 b\u00e1rk\u00e1j\u00e1r\u00f3l!"}]},{"@type":"WebSite","@id":"https:\/\/www.nargourmet.hu\/#website","url":"https:\/\/www.nargourmet.hu\/","name":"Nar Gourmet","description":"T\u00f6r\u00f6k gasztron\u00f3mia","potentialAction":[{"@type":"SearchAction","target":{"@type":"EntryPoint","urlTemplate":"https:\/\/www.nargourmet.hu\/?s={search_term_string}"},"query-input":{"@type":"PropertyValueSpecification","valueRequired":true,"valueName":"search_term_string"}}],"inLanguage":"en-GB"},{"@type":"Person","@id":"https:\/\/www.nargourmet.hu\/#\/schema\/person\/905f7779e5136c7a041785532e5b3adc","name":"T\u00f3th \u00c1gi - Nar Gourmet","image":{"@type":"ImageObject","inLanguage":"en-GB","@id":"https:\/\/www.nargourmet.hu\/wp-content\/uploads\/2022\/08\/cropped-DSC_2049-2-96x96.jpg","url":"https:\/\/www.nargourmet.hu\/wp-content\/uploads\/2022\/08\/cropped-DSC_2049-2-96x96.jpg","contentUrl":"https:\/\/www.nargourmet.hu\/wp-content\/uploads\/2022\/08\/cropped-DSC_2049-2-96x96.jpg","caption":"T\u00f3th \u00c1gi - Nar Gourmet"},"description":"T\u00f3th \u00c1gi vagyok, a Nar Gourmet m\u00e1rka alap\u00edt\u00f3ja, a t\u00f6r\u00f6k konyham\u0171v\u00e9szet szak\u00e9rt\u0151je. 2005 \u00f3ta j\u00e1rom T\u00f6r\u00f6korsz\u00e1g vid\u00e9keit, 5 \u00e9ven \u00e1t szerveztem Magyarorsz\u00e1g els\u0151 rendszeres, a t\u00f6r\u00f6k kult\u00far\u00e1t bemutat\u00f3 programsorozat\u00e1t, 2,5 \u00e9vig pedig a Yunus Emre Int\u00e9zet Budapesti T\u00f6r\u00f6k Kultur\u00e1lis K\u00f6zpont kultur\u00e1lis vezet\u0151je voltam.","url":"https:\/\/www.nargourmet.hu\/en\/author\/nargourmet\/"}]}},"_links":{"self":[{"href":"https:\/\/www.nargourmet.hu\/en\/wp-json\/wp\/v2\/posts\/838","targetHints":{"allow":["GET"]}}],"collection":[{"href":"https:\/\/www.nargourmet.hu\/en\/wp-json\/wp\/v2\/posts"}],"about":[{"href":"https:\/\/www.nargourmet.hu\/en\/wp-json\/wp\/v2\/types\/post"}],"author":[{"embeddable":true,"href":"https:\/\/www.nargourmet.hu\/en\/wp-json\/wp\/v2\/users\/1"}],"replies":[{"embeddable":true,"href":"https:\/\/www.nargourmet.hu\/en\/wp-json\/wp\/v2\/comments?post=838"}],"version-history":[{"count":3,"href":"https:\/\/www.nargourmet.hu\/en\/wp-json\/wp\/v2\/posts\/838\/revisions"}],"predecessor-version":[{"id":845,"href":"https:\/\/www.nargourmet.hu\/en\/wp-json\/wp\/v2\/posts\/838\/revisions\/845"}],"wp:featuredmedia":[{"embeddable":true,"href":"https:\/\/www.nargourmet.hu\/en\/wp-json\/wp\/v2\/media\/842"}],"wp:attachment":[{"href":"https:\/\/www.nargourmet.hu\/en\/wp-json\/wp\/v2\/media?parent=838"}],"wp:term":[{"taxonomy":"category","embeddable":true,"href":"https:\/\/www.nargourmet.hu\/en\/wp-json\/wp\/v2\/categories?post=838"},{"taxonomy":"post_tag","embeddable":true,"href":"https:\/\/www.nargourmet.hu\/en\/wp-json\/wp\/v2\/tags?post=838"}],"curies":[{"name":"wp","href":"https:\/\/api.w.org\/{rel}","templated":true}]}}